{"id":17841,"date":"2023-10-19T14:57:05","date_gmt":"2023-10-19T14:57:05","guid":{"rendered":"https:\/\/kathi-daniela.com\/?p=17841"},"modified":"2024-08-09T14:10:04","modified_gmt":"2024-08-09T14:10:04","slug":"hiking-in-sutjeska-national-park-the-most-beautiful-hiking-routes","status":"publish","type":"post","link":"https:\/\/kathi-daniela.com\/en\/reiseziele\/wandern-im-sutjeska-nationalpark-die-schoensten-routen-wanderungen\/","title":{"rendered":"Hiking in Sutjeska National Park: the most beautiful routes &amp; hikes"},"content":{"rendered":"<div data-elementor-type=\"wp-post\" data-elementor-id=\"17841\" class=\"elementor elementor-17841\">\n\t\t\t\t\t\t<section class=\"penci-section penci-disSticky penci-structure-10 elementor-section elementor-top-section elementor-element elementor-element-3c10389 elementor-section-boxed elementor-section-height-default elementor-section-height-default\" data-id=\"3c10389\" data-element_type=\"section\">\n\t\t\t\t\t\t<div class=\"elementor-container elementor-column-gap-default\">\n\t\t\t\t\t<div class=\"penci-ercol-100 penci-ercol-order-1 penci-sticky-ct    elementor-column elementor-col-100 elementor-top-column elementor-element elementor-element-cf21867\" data-id=\"cf21867\" data-element_type=\"column\">\n\t\t\t<div class=\"elementor-widget-wrap elementor-element-populated\">\n\t\t\t\t\t\t<div class=\"elementor-element elementor-element-426e72d elementor-widget elementor-widget-text-editor\" data-id=\"426e72d\" data-element_type=\"widget\" data-widget_type=\"text-editor.default\">\n\t\t\t\t<div class=\"elementor-widget-container\">\n\t\t\t\t\t\t\t\t\t<h6 style=\"text-align: right;\"><a href=\"https:\/\/kathi-daniela.com\/en\/reiseziele\/wandern-im-sutjeska-nationalpark-die-schoensten-routen-wanderungen\/?preview_id=17841&amp;preview_nonce=48079c5237&amp;preview=true\" target=\"_blank\" rel=\"noopener\">read the article in \ud83c\uddec\ud83c\udde7 here<\/a><\/h6>\t\t\t\t\t\t\t\t<\/div>\n\t\t\t\t<\/div>\n\t\t\t\t<div class=\"elementor-element elementor-element-c2eaa67 elementor-widget elementor-widget-text-editor\" data-id=\"c2eaa67\" data-element_type=\"widget\" data-widget_type=\"text-editor.default\">\n\t\t\t\t<div class=\"elementor-widget-container\">\n\t\t\t\t\t\t\t\t\t<p>In the time of the<span>&nbsp;<\/span><em>instagramworthy<\/em><span>&nbsp;<\/span><em>views<\/em><span>&nbsp;<\/span>and overcrowded hot spots, they still exist: the undiscovered places. One of them?<span>&nbsp;<\/span><strong>The Sutjeska National Park<\/strong>. A wild paradise in the heart of the Balkans, in the east of Bosnia and Herzegovina on the border with Montenegro.&nbsp;<\/p><p><span style=\"color: inherit; font-family: inherit; font-size: inherit; font-weight: inherit; text-align: inherit;\">The karstic peak of Magli\u0107, the highest mountain in Bosnia and Herzegovina, rises steeply into the sky, wild animals frolic in the lush meadows of Zelengora and one of the last primeval forests in Europe, the Peru\u0107ica, not only hides an enchanted waterfall, but is also home to many animal species that have long been endangered in Europe.&nbsp;<\/span><\/p>\n<p>In the national park<span style=\"color: var( --e-global-color-text );\">&nbsp;Sutjeska<\/span><span style=\"color: inherit; font-family: inherit; font-size: inherit; font-weight: inherit; text-align: inherit;\">&nbsp;we humans are still just guests, immersing ourselves in the silence and the well-rehearsed coexistence of nature, full of awe, with the feeling that we are actually quite small. Off the beaten track, you can still find unspoilt nature and beauty here, and even though many national parks claim this - it really is true here.<\/span><\/p>\n<p>I was lucky enough to spend three days in the national park recently, exploring its most beautiful hiking trails and visiting its most impressive viewpoints.<span>&nbsp;<\/span><b>In this article, I will introduce you to the most beautiful hikes in Sutjeska National Park.<\/b><\/p>\n<p><!-- x-tinymce\/html --><\/p>\n<p>So let's go - to the <i>Yosemite of the Balkans<\/i>as it is sometimes called.<br><u>But a warning in advance:<\/u>&nbsp;Afterwards, you'll definitely want to lace up your hiking boots straight away!<\/p>\t\t\t\t\t\t\t\t<\/div>\n\t\t\t\t<\/div>\n\t\t\t\t\t<\/div>\n\t\t<\/div>\n\t\t\t\t\t<\/div>\n\t\t<\/section>\n\t\t\t\t<section class=\"penci-section penci-disSticky penci-structure-20 elementor-section elementor-top-section elementor-element elementor-element-4dfffbd elementor-section-boxed elementor-section-height-default elementor-section-height-default\" data-id=\"4dfffbd\" data-element_type=\"section\">\n\t\t\t\t\t\t<div class=\"elementor-container elementor-column-gap-default\">\n\t\t\t\t\t<div class=\"penci-ercol-50 penci-ercol-order-1 penci-sticky-ct    elementor-column elementor-col-50 elementor-top-column elementor-element elementor-element-cf8be48\" data-id=\"cf8be48\" data-element_type=\"column\">\n\t\t\t<div class=\"elementor-widget-wrap elementor-element-populated\">\n\t\t\t\t\t\t<div class=\"elementor-element elementor-element-4a97a53 elementor-widget elementor-widget-image\" data-id=\"4a97a53\" data-element_type=\"widget\" data-widget_type=\"image.default\">\n\t\t\t\t<div class=\"elementor-widget-container\">\n\t\t\t\t\t\t\t\t\t\t\t\t\t\t\t<img fetchpriority=\"high\" decoding=\"async\" width=\"819\" height=\"1024\" src=\"https:\/\/kathi-daniela.com\/wp-content\/uploads\/2023\/10\/wandern-sutjeska-nationalpark-01-819x1024.jpg\" class=\"attachment-large size-large wp-image-17690\" alt=\"\" srcset=\"https:\/\/kathi-daniela.com\/wp-content\/uploads\/2023\/10\/wandern-sutjeska-nationalpark-01-819x1024.jpg 819w, https:\/\/kathi-daniela.com\/wp-content\/uploads\/2023\/10\/wandern-sutjeska-nationalpark-01-240x300.jpg 240w, https:\/\/kathi-daniela.com\/wp-content\/uploads\/2023\/10\/wandern-sutjeska-nationalpark-01-768x960.jpg 768w, https:\/\/kathi-daniela.com\/wp-content\/uploads\/2023\/10\/wandern-sutjeska-nationalpark-01-1229x1536.jpg 1229w, https:\/\/kathi-daniela.com\/wp-content\/uploads\/2023\/10\/wandern-sutjeska-nationalpark-01-10x12.jpg 10w, https:\/\/kathi-daniela.com\/wp-content\/uploads\/2023\/10\/wandern-sutjeska-nationalpark-01-1170x1463.jpg 1170w, https:\/\/kathi-daniela.com\/wp-content\/uploads\/2023\/10\/wandern-sutjeska-nationalpark-01-585x731.jpg 585w, https:\/\/kathi-daniela.com\/wp-content\/uploads\/2023\/10\/wandern-sutjeska-nationalpark-01.jpg 1638w\" sizes=\"(max-width: 819px) 100vw, 819px\" \/>\t\t\t\t\t\t\t\t\t\t\t\t\t\t\t<\/div>\n\t\t\t\t<\/div>\n\t\t\t\t\t<\/div>\n\t\t<\/div>\n\t\t\t\t<div class=\"penci-ercol-50 penci-ercol-order-2 penci-sticky-ct    elementor-column elementor-col-50 elementor-top-column elementor-element elementor-element-dda3f85\" data-id=\"dda3f85\" data-element_type=\"column\">\n\t\t\t<div class=\"elementor-widget-wrap elementor-element-populated\">\n\t\t\t\t\t\t<div class=\"elementor-element elementor-element-2db6a43 elementor-widget elementor-widget-image\" data-id=\"2db6a43\" data-element_type=\"widget\" data-widget_type=\"image.default\">\n\t\t\t\t<div class=\"elementor-widget-container\">\n\t\t\t\t\t\t\t\t\t\t\t\t\t\t\t<img decoding=\"async\" width=\"768\" height=\"1024\" src=\"https:\/\/kathi-daniela.com\/wp-content\/uploads\/2023\/10\/wandern-sutjeska-nationalpark-14-1-768x1024.jpg\" class=\"attachment-large size-large wp-image-17938\" alt=\"\" srcset=\"https:\/\/kathi-daniela.com\/wp-content\/uploads\/2023\/10\/wandern-sutjeska-nationalpark-14-1-768x1024.jpg 768w, https:\/\/kathi-daniela.com\/wp-content\/uploads\/2023\/10\/wandern-sutjeska-nationalpark-14-1-225x300.jpg 225w, https:\/\/kathi-daniela.com\/wp-content\/uploads\/2023\/10\/wandern-sutjeska-nationalpark-14-1-1152x1536.jpg 1152w, https:\/\/kathi-daniela.com\/wp-content\/uploads\/2023\/10\/wandern-sutjeska-nationalpark-14-1-9x12.jpg 9w, https:\/\/kathi-daniela.com\/wp-content\/uploads\/2023\/10\/wandern-sutjeska-nationalpark-14-1-1170x1560.jpg 1170w, https:\/\/kathi-daniela.com\/wp-content\/uploads\/2023\/10\/wandern-sutjeska-nationalpark-14-1-585x780.jpg 585w, https:\/\/kathi-daniela.com\/wp-content\/uploads\/2023\/10\/wandern-sutjeska-nationalpark-14-1.jpg 1536w\" sizes=\"(max-width: 768px) 100vw, 768px\" \/>\t\t\t\t\t\t\t\t\t\t\t\t\t\t\t<\/div>\n\t\t\t\t<\/div>\n\t\t\t\t\t<\/div>\n\t\t<\/div>\n\t\t\t\t\t<\/div>\n\t\t<\/section>\n\t\t\t\t<section class=\"penci-section penci-disSticky penci-structure-10 elementor-section elementor-top-section elementor-element elementor-element-48f88c7 elementor-section-boxed elementor-section-height-default elementor-section-height-default\" data-id=\"48f88c7\" data-element_type=\"section\">\n\t\t\t\t\t\t<div class=\"elementor-container elementor-column-gap-default\">\n\t\t\t\t\t<div class=\"penci-ercol-100 penci-ercol-order-1 penci-sticky-ct    elementor-column elementor-col-100 elementor-top-column elementor-element elementor-element-4eb9568\" data-id=\"4eb9568\" data-element_type=\"column\">\n\t\t\t<div class=\"elementor-widget-wrap elementor-element-populated\">\n\t\t\t\t\t\t<div class=\"elementor-element elementor-element-55b8408 elementor-widget elementor-widget-text-editor\" data-id=\"55b8408\" data-element_type=\"widget\" data-widget_type=\"text-editor.default\">\n\t\t\t\t<div class=\"elementor-widget-container\">\n\t\t\t\t\t\t\t\t\t<h2>The oldest national park in Bosnia and Herzegovina<\/h2><p>Sutjeska National Park in Bosnia and Herzegovina is not only the largest, but also the oldest national park in the country. It was founded in 1962 and even in the 1950s, before the park was actually established, part of its current area, namely the Peru\u0107ica primeval forest, was declared a protected zone.<\/p><p>Sometimes also the\u00a0<i>Yosemite of the Balkans<\/i>\u00a0the Sutjeska National Park is home to the <b>Magli\u0107<\/b>the highest peak in the country at 2,386 metres, <b>one of the last primeval forests in Europe, Peru\u0107ica <\/b>and many endemic animal and plant species. The rugged, karstic mountains are home to trees over 300 years old, lush meadows, crystal-clear mountain lakes, deep gorges and waterfalls.<\/p><p>Sutjeska is also part of the Via Dinarica, a network of over 2,000 kilometres of long-distance hiking trails in the Dinaric Alps. It stretches from Slovenia via Croatia, Bosnia and Herzegovina and Montenegro to Albania.\u00a0<\/p>\t\t\t\t\t\t\t\t<\/div>\n\t\t\t\t<\/div>\n\t\t\t\t<div class=\"elementor-element elementor-element-ce0fba0 elementor-widget elementor-widget-text-editor\" data-id=\"ce0fba0\" data-element_type=\"widget\" data-widget_type=\"text-editor.default\">\n\t\t\t\t<div class=\"elementor-widget-container\">\n\t\t\t\t\t\t\t\t\t<h2 style=\"letter-spacing: normal;\">Sutjeska National Park: Getting there &amp; travelling<\/h2><p style=\"font-size: 15px; text-align: start; font-family: Poppins, sans-serif; font-weight: 400; color: #030303;\">The park is located in the south-east of Bosnia and Herzegovina, around two hours from the capital Sarajevo. The easiest way to get there is by car or hire car. If you don't have your own vehicle, you can take the bus to Fo\u010da. From there, you can take a taxi or an organised hiking tour to the park.<\/p>\t\t\t\t\t\t\t\t<\/div>\n\t\t\t\t<\/div>\n\t\t\t\t\t<\/div>\n\t\t<\/div>\n\t\t\t\t\t<\/div>\n\t\t<\/section>\n\t\t\t\t<section class=\"penci-section penci-disSticky penci-structure-10 elementor-section elementor-top-section elementor-element elementor-element-044b740 elementor-section-boxed elementor-section-height-default elementor-section-height-default\" data-id=\"044b740\" data-element_type=\"section\">\n\t\t\t\t\t\t<div class=\"elementor-container elementor-column-gap-default\">\n\t\t\t\t\t<div class=\"penci-ercol-100 penci-ercol-order-1 penci-sticky-ct    elementor-column elementor-col-100 elementor-top-column elementor-element elementor-element-0a7b614\" data-id=\"0a7b614\" data-element_type=\"column\">\n\t\t\t<div class=\"elementor-widget-wrap elementor-element-populated\">\n\t\t\t\t\t\t<div class=\"elementor-element elementor-element-46bd888 elementor-widget elementor-widget-image\" data-id=\"46bd888\" data-element_type=\"widget\" data-widget_type=\"image.default\">\n\t\t\t\t<div class=\"elementor-widget-container\">\n\t\t\t\t\t\t\t\t\t\t\t\t\t\t\t<img decoding=\"async\" width=\"2048\" height=\"1536\" src=\"https:\/\/kathi-daniela.com\/wp-content\/uploads\/2023\/10\/wandern-sutjeska-nationalpark-09.jpg\" class=\"attachment-full size-full wp-image-17923\" alt=\"\" srcset=\"https:\/\/kathi-daniela.com\/wp-content\/uploads\/2023\/10\/wandern-sutjeska-nationalpark-09.jpg 2048w, https:\/\/kathi-daniela.com\/wp-content\/uploads\/2023\/10\/wandern-sutjeska-nationalpark-09-300x225.jpg 300w, https:\/\/kathi-daniela.com\/wp-content\/uploads\/2023\/10\/wandern-sutjeska-nationalpark-09-1024x768.jpg 1024w, https:\/\/kathi-daniela.com\/wp-content\/uploads\/2023\/10\/wandern-sutjeska-nationalpark-09-768x576.jpg 768w, https:\/\/kathi-daniela.com\/wp-content\/uploads\/2023\/10\/wandern-sutjeska-nationalpark-09-1536x1152.jpg 1536w, https:\/\/kathi-daniela.com\/wp-content\/uploads\/2023\/10\/wandern-sutjeska-nationalpark-09-16x12.jpg 16w, https:\/\/kathi-daniela.com\/wp-content\/uploads\/2023\/10\/wandern-sutjeska-nationalpark-09-1920x1440.jpg 1920w, https:\/\/kathi-daniela.com\/wp-content\/uploads\/2023\/10\/wandern-sutjeska-nationalpark-09-1170x878.jpg 1170w, https:\/\/kathi-daniela.com\/wp-content\/uploads\/2023\/10\/wandern-sutjeska-nationalpark-09-585x439.jpg 585w\" sizes=\"(max-width: 2048px) 100vw, 2048px\" \/>\t\t\t\t\t\t\t\t\t\t\t\t\t\t\t<\/div>\n\t\t\t\t<\/div>\n\t\t\t\t\t<\/div>\n\t\t<\/div>\n\t\t\t\t\t<\/div>\n\t\t<\/section>\n\t\t\t\t<section class=\"penci-section penci-dmcheck penci-elbg-activate penci-disSticky penci-structure-10 elementor-section elementor-top-section elementor-element elementor-element-a934cc9 elementor-section-boxed elementor-section-height-default elementor-section-height-default\" data-id=\"a934cc9\" data-element_type=\"section\" data-settings=\"{&quot;background_background&quot;:&quot;classic&quot;}\">\n\t\t\t\t\t\t<div class=\"elementor-container elementor-column-gap-default\">\n\t\t\t\t\t<div class=\"penci-ercol-100 penci-ercol-order-1 penci-sticky-ct    elementor-column elementor-col-100 elementor-top-column elementor-element elementor-element-2b07337\" data-id=\"2b07337\" data-element_type=\"column\">\n\t\t\t<div class=\"elementor-widget-wrap elementor-element-populated\">\n\t\t\t\t\t\t<div class=\"elementor-element elementor-element-e8a4966 elementor-widget elementor-widget-heading\" data-id=\"e8a4966\" data-element_type=\"widget\" data-widget_type=\"heading.default\">\n\t\t\t\t<div class=\"elementor-widget-container\">\n\t\t\t\t\t<h2 class=\"elementor-heading-title elementor-size-default\">The best time of year for hiking in Sutjeska National Park<\/h2>\t\t\t\t<\/div>\n\t\t\t\t<\/div>\n\t\t\t\t<div class=\"elementor-element elementor-element-99162cb elementor-widget elementor-widget-text-editor\" data-id=\"99162cb\" data-element_type=\"widget\" data-widget_type=\"text-editor.default\">\n\t\t\t\t<div class=\"elementor-widget-container\">\n\t\t\t\t\t\t\t\t\t<p><strong>Spring |<\/strong> A great time to see nature blossom again and be one of the first on the trails. The national park can get a little more crowded around the Orthodox Easter holiday.<\/p><p><strong>Summer |\u00a0<\/strong>Hot and dry, this is the best time of year for hiking in and through the forest. You can expect to encounter lots of mosquitoes in the mountain meadows.<\/p><p><strong>Autumn |<\/strong> An ideal time to visit the Sutjeska. Popular hikes are less crowded, the trees glow in the most beautiful colours and the temperatures during the day are often still pleasant.<\/p><p><strong>Winter |<\/strong> Sutjeska is not particularly popular in winter. Many hiking trails are inaccessible due to the snow and can only be completed in the company of a trained guide. There are hardly any snowshoe tours on offer.<\/p>\t\t\t\t\t\t\t\t<\/div>\n\t\t\t\t<\/div>\n\t\t\t\t\t<\/div>\n\t\t<\/div>\n\t\t\t\t\t<\/div>\n\t\t<\/section>\n\t\t\t\t<section class=\"penci-section penci-disSticky penci-structure-10 elementor-section elementor-top-section elementor-element elementor-element-47f8ed5 elementor-section-boxed elementor-section-height-default elementor-section-height-default\" data-id=\"47f8ed5\" data-element_type=\"section\">\n\t\t\t\t\t\t<div class=\"elementor-container elementor-column-gap-default\">\n\t\t\t\t\t<div class=\"penci-ercol-100 penci-ercol-order-1 penci-sticky-ct    elementor-column elementor-col-100 elementor-top-column elementor-element elementor-element-3fa94b9\" data-id=\"3fa94b9\" data-element_type=\"column\">\n\t\t\t<div class=\"elementor-widget-wrap elementor-element-populated\">\n\t\t\t\t\t\t<div class=\"elementor-element elementor-element-d79a744 elementor-widget elementor-widget-image\" data-id=\"d79a744\" data-element_type=\"widget\" data-widget_type=\"image.default\">\n\t\t\t\t<div class=\"elementor-widget-container\">\n\t\t\t\t\t\t\t\t\t\t\t\t\t\t\t<img loading=\"lazy\" decoding=\"async\" width=\"2048\" height=\"1536\" src=\"https:\/\/kathi-daniela.com\/wp-content\/uploads\/2023\/10\/wandern-sutjeska-nationalpark-11.jpg\" class=\"attachment-full size-full wp-image-17925\" alt=\"\" srcset=\"https:\/\/kathi-daniela.com\/wp-content\/uploads\/2023\/10\/wandern-sutjeska-nationalpark-11.jpg 2048w, https:\/\/kathi-daniela.com\/wp-content\/uploads\/2023\/10\/wandern-sutjeska-nationalpark-11-300x225.jpg 300w, https:\/\/kathi-daniela.com\/wp-content\/uploads\/2023\/10\/wandern-sutjeska-nationalpark-11-1024x768.jpg 1024w, https:\/\/kathi-daniela.com\/wp-content\/uploads\/2023\/10\/wandern-sutjeska-nationalpark-11-768x576.jpg 768w, https:\/\/kathi-daniela.com\/wp-content\/uploads\/2023\/10\/wandern-sutjeska-nationalpark-11-1536x1152.jpg 1536w, https:\/\/kathi-daniela.com\/wp-content\/uploads\/2023\/10\/wandern-sutjeska-nationalpark-11-16x12.jpg 16w, https:\/\/kathi-daniela.com\/wp-content\/uploads\/2023\/10\/wandern-sutjeska-nationalpark-11-1920x1440.jpg 1920w, https:\/\/kathi-daniela.com\/wp-content\/uploads\/2023\/10\/wandern-sutjeska-nationalpark-11-1170x878.jpg 1170w, https:\/\/kathi-daniela.com\/wp-content\/uploads\/2023\/10\/wandern-sutjeska-nationalpark-11-585x439.jpg 585w\" sizes=\"(max-width: 2048px) 100vw, 2048px\" \/>\t\t\t\t\t\t\t\t\t\t\t\t\t\t\t<\/div>\n\t\t\t\t<\/div>\n\t\t\t\t\t<\/div>\n\t\t<\/div>\n\t\t\t\t\t<\/div>\n\t\t<\/section>\n\t\t\t\t<section class=\"penci-section penci-disSticky penci-structure-10 elementor-section elementor-top-section elementor-element elementor-element-af65702 elementor-section-boxed elementor-section-height-default elementor-section-height-default\" data-id=\"af65702\" data-element_type=\"section\">\n\t\t\t\t\t\t<div class=\"elementor-container elementor-column-gap-default\">\n\t\t\t\t\t<div class=\"penci-ercol-100 penci-ercol-order-1 penci-sticky-ct    elementor-column elementor-col-100 elementor-top-column elementor-element elementor-element-60c5fca\" data-id=\"60c5fca\" data-element_type=\"column\">\n\t\t\t<div class=\"elementor-widget-wrap elementor-element-populated\">\n\t\t\t\t\t\t<div class=\"elementor-element elementor-element-63db17d elementor-widget elementor-widget-heading\" data-id=\"63db17d\" data-element_type=\"widget\" data-widget_type=\"heading.default\">\n\t\t\t\t<div class=\"elementor-widget-container\">\n\t\t\t\t\t<h2 class=\"elementor-heading-title elementor-size-default\">The most beautiful hikes in Sutjeska National Park<span style=\"letter-spacing: 0px;color: var( --e-global-color-primary )\"><\/span><\/h2>\t\t\t\t<\/div>\n\t\t\t\t<\/div>\n\t\t\t\t<section class=\"penci-section penci-disSticky penci-structure-20 elementor-section elementor-inner-section elementor-element elementor-element-85dafa1 elementor-section-boxed elementor-section-height-default elementor-section-height-default\" data-id=\"85dafa1\" data-element_type=\"section\">\n\t\t\t\t\t\t<div class=\"elementor-container elementor-column-gap-default\">\n\t\t\t\t\t<div class=\"penci-ercol-50 penci-ercol-order-1 penci-sticky-ct    elementor-column elementor-col-50 elementor-inner-column elementor-element elementor-element-9b109af\" data-id=\"9b109af\" data-element_type=\"column\">\n\t\t\t<div class=\"elementor-widget-wrap elementor-element-populated\">\n\t\t\t\t\t\t<div class=\"elementor-element elementor-element-eb7db37 elementor-widget elementor-widget-text-editor\" data-id=\"eb7db37\" data-element_type=\"widget\" data-widget_type=\"text-editor.default\">\n\t\t\t\t<div class=\"elementor-widget-container\">\n\t\t\t\t\t\t\t\t\t<h3><span style=\"color: var(--pcheading-cl); font-size: 22px; font-style: italic; letter-spacing: 0px;\">Hiking in the Perucica jungle to the Skakavac waterfall<\/span><\/h3><p>Peru\u0107ica is one of the last remaining primeval forests in Europe and is a UNESCO World Heritage Site - it was declared the strictest nature conservation zone back in 1952.\u00a0<\/p><p><span style=\"color: inherit; font-family: inherit; font-size: inherit; font-weight: inherit; text-align: inherit;\">The most popular hike leads to the Skakavac waterfall. You can already spot it from the <\/span><a style=\"font-family: inherit; font-size: inherit; font-weight: inherit; text-align: inherit;\" href=\"https:\/\/maps.app.goo.gl\/Hc2fSNZXxuwMgv9A7\" target=\"_blank\" rel=\"noopener\">Drago\u0161 Sedlo viewpoint<\/a><span style=\"color: inherit; font-family: inherit; font-size: inherit; font-weight: inherit; text-align: inherit;\"> - Densely wooded valleys stretch as far as the eye can see and a hundred metres below, the Skakavac waterfall shimmers, plunging 98 metres into the depths in the protected zone.<\/span><\/p><p>The way there is quite challenging: in less than four kilometres, it is 340 metres to the bottom of the jungle - and then the same way back again. There are no signposted hiking trails in Peru\u0107ica, the forest is very dense and even impassable in some places. As the principle is not to interfere with nature, fallen trees are not removed from paths and new flora or fauna is not uprooted.<\/p><p><b style=\"color: inherit; font-family: inherit; font-size: inherit; text-align: inherit;\"><u>\u203c\ufe0f A note\u00a0<\/u><\/b><u style=\"color: var( --e-global-color-text ); font-family: var( --e-global-typography-text-font-family ), Sans-serif; font-size: inherit; text-align: inherit; font-weight: bold;\">\u203c\ufe0f<\/u><b style=\"color: inherit; font-family: inherit; font-size: inherit; text-align: inherit;\">\u00a0<\/b><\/p><p><span style=\"color: inherit; font-family: inherit; font-size: inherit; font-weight: inherit; text-align: inherit;\">Entering is <\/span><strong style=\"color: inherit; font-family: inherit; font-size: inherit; text-align: inherit;\">only with guide and guide<\/strong><span style=\"color: inherit; font-family: inherit; font-size: inherit; font-weight: inherit; text-align: inherit;\"> and with prior notification. There are hefty penalties for offences. Only 16 people per day are allowed in protection zone 1 directly by the waterfall.<\/span><\/p><p>Conversely, this means for you: You have the jungle pretty much to yourself, you can sit at the waterfall without large groups of travellers and simply enjoy yourself. And the hike with a guide guarantees exciting insights into the flora and fauna of one of the \"lungs of Europe\". A very special experience!<\/p><p>You can book a hike to the Skakavac waterfall here.\u00a0<span style=\"color: var( --e-global-color-text ); font-family: var( --e-global-typography-text-font-family ), Sans-serif; font-weight: var( --e-global-typography-text-font-weight );\">A big recommendation for our hiking guide Dejan, who organised this hike like a safari and pointed out an uncanny number of animal tracks, events in the forest and the \"life history\" of the trees.<\/span><\/p>\t\t\t\t\t\t\t\t<\/div>\n\t\t\t\t<\/div>\n\t\t\t\t<div class=\"elementor-element elementor-element-8df98e3 elementor-widget elementor-widget-text-editor\" data-id=\"8df98e3\" data-element_type=\"widget\" data-widget_type=\"text-editor.default\">\n\t\t\t\t<div class=\"elementor-widget-container\">\n\t\t\t\t\t\t\t\t\t<p><strong>Details:<\/strong><\/p><ul class=\"pt-2 first:pt-0 list-inside list-disc font-poppins text-xs text-content font-normal leading-loose text-left\"><li>Length: 3.9 km<\/li><li>Difficulty: moderate to challenging<\/li><li>Height difference: 350 m<\/li><\/ul>\t\t\t\t\t\t\t\t<\/div>\n\t\t\t\t<\/div>\n\t\t\t\t\t<\/div>\n\t\t<\/div>\n\t\t\t\t<div class=\"penci-ercol-50 penci-ercol-order-2 penci-sticky-ct    elementor-column elementor-col-50 elementor-inner-column elementor-element elementor-element-14eb23a\" data-id=\"14eb23a\" data-element_type=\"column\">\n\t\t\t<div class=\"elementor-widget-wrap elementor-element-populated\">\n\t\t\t\t\t\t<div class=\"elementor-element elementor-element-223b7b0 elementor-widget elementor-widget-text-editor\" data-id=\"223b7b0\" data-element_type=\"widget\" data-widget_type=\"text-editor.default\">\n\t\t\t\t<div class=\"elementor-widget-container\">\n\t\t\t\t\t\t\t\t\t<h3>What does that actually mean: primeval forest?<\/h3><p>Around 6,000 years ago, Europe was a continent of primeval forests. Around 80 per cent of our continent was forested. Today, hardly any of it remains.<\/p><p>There are only a few so-called<strong> Primary and primeval forests<\/strong>. A forest is labelled as such if its life cycle and ecosystem have never been interfered with by humans.\u00a0<\/p><p>Conversely, this means that even today, these forests must not be subject to any human intervention that has lasting consequences if they are to retain their status.<\/p><p>Many trees in the Perucica jungle are up to 300 years old and 50 metres high. A total of over 170 different tree and shrub species and over 1,000 other herbs and plants, many of which are endemic, grow in the Perucica, which is also home to bears, wolves and lynx.<\/p><p><a href=\"https:\/\/www.wwf.de\/themen-projekte\/waelder\/wenn-wald-wieder-wild-wird-europas-naturerbe\" target=\"_blank\" rel=\"noopener\">You can read more about Europe's primeval and primary forests at WWF.<\/a><\/p>\t\t\t\t\t\t\t\t<\/div>\n\t\t\t\t<\/div>\n\t\t\t\t\t<\/div>\n\t\t<\/div>\n\t\t\t\t\t<\/div>\n\t\t<\/section>\n\t\t\t\t<section class=\"penci-section penci-disSticky penci-structure-20 elementor-section elementor-inner-section elementor-element elementor-element-b2656c4 elementor-section-boxed elementor-section-height-default elementor-section-height-default\" data-id=\"b2656c4\" data-element_type=\"section\">\n\t\t\t\t\t\t<div class=\"elementor-container elementor-column-gap-default\">\n\t\t\t\t\t<div class=\"penci-ercol-50 penci-ercol-order-1 penci-sticky-ct    elementor-column elementor-col-50 elementor-inner-column elementor-element elementor-element-3ac87f5\" data-id=\"3ac87f5\" data-element_type=\"column\">\n\t\t\t<div class=\"elementor-widget-wrap elementor-element-populated\">\n\t\t\t\t\t\t<div class=\"elementor-element elementor-element-e75bc72 elementor-widget elementor-widget-image\" data-id=\"e75bc72\" data-element_type=\"widget\" data-widget_type=\"image.default\">\n\t\t\t\t<div class=\"elementor-widget-container\">\n\t\t\t\t\t\t\t\t\t\t\t\t\t\t\t<img loading=\"lazy\" decoding=\"async\" width=\"768\" height=\"1024\" src=\"https:\/\/kathi-daniela.com\/wp-content\/uploads\/2023\/10\/wandern-sutjeska-nationalpark-12-1-768x1024.jpg\" class=\"attachment-large size-large wp-image-17936\" alt=\"\" srcset=\"https:\/\/kathi-daniela.com\/wp-content\/uploads\/2023\/10\/wandern-sutjeska-nationalpark-12-1-768x1024.jpg 768w, https:\/\/kathi-daniela.com\/wp-content\/uploads\/2023\/10\/wandern-sutjeska-nationalpark-12-1-225x300.jpg 225w, https:\/\/kathi-daniela.com\/wp-content\/uploads\/2023\/10\/wandern-sutjeska-nationalpark-12-1-1152x1536.jpg 1152w, https:\/\/kathi-daniela.com\/wp-content\/uploads\/2023\/10\/wandern-sutjeska-nationalpark-12-1-9x12.jpg 9w, https:\/\/kathi-daniela.com\/wp-content\/uploads\/2023\/10\/wandern-sutjeska-nationalpark-12-1-1170x1560.jpg 1170w, https:\/\/kathi-daniela.com\/wp-content\/uploads\/2023\/10\/wandern-sutjeska-nationalpark-12-1-585x780.jpg 585w, https:\/\/kathi-daniela.com\/wp-content\/uploads\/2023\/10\/wandern-sutjeska-nationalpark-12-1.jpg 1536w\" sizes=\"(max-width: 768px) 100vw, 768px\" \/>\t\t\t\t\t\t\t\t\t\t\t\t\t\t\t<\/div>\n\t\t\t\t<\/div>\n\t\t\t\t\t<\/div>\n\t\t<\/div>\n\t\t\t\t<div class=\"penci-ercol-50 penci-ercol-order-2 penci-sticky-ct    elementor-column elementor-col-50 elementor-inner-column elementor-element elementor-element-a947b8f\" data-id=\"a947b8f\" data-element_type=\"column\">\n\t\t\t<div class=\"elementor-widget-wrap elementor-element-populated\">\n\t\t\t\t\t\t<div class=\"elementor-element elementor-element-9af2d31 elementor-widget elementor-widget-text-editor\" data-id=\"9af2d31\" data-element_type=\"widget\" data-widget_type=\"text-editor.default\">\n\t\t\t\t<div class=\"elementor-widget-container\">\n\t\t\t\t\t\t\t\t\t<blockquote class=\"instagram-media\" style=\"background: #FFF; border: 0; border-radius: 3px; box-shadow: 0 0 1px 0 rgba(0,0,0,0.5),0 1px 10px 0 rgba(0,0,0,0.15); margin: 1px; max-width: 540px; min-width: 326px; padding: 0; width: calc(100% - 2px);\" data-instgrm-permalink=\"https:\/\/www.instagram.com\/reel\/CxLcjzRNKVu\/?utm_source=ig_embed&amp;utm_campaign=loading\" data-instgrm-version=\"14\"><div style=\"padding: 16px;\"><p>\u00a0<\/p><div style=\"display: flex; flex-direction: row; align-items: center;\"><div style=\"background-color: #f4f4f4; border-radius: 50%; flex-grow: 0; height: 40px; margin-right: 14px; width: 40px;\">\u00a0<\/div><div style=\"display: flex; flex-direction: column; flex-grow: 1; justify-content: center;\"><div style=\"background-color: #f4f4f4; border-radius: 4px; flex-grow: 0; height: 14px; margin-bottom: 6px; width: 100px;\">\u00a0<\/div><div style=\"background-color: #f4f4f4; border-radius: 4px; flex-grow: 0; height: 14px; width: 60px;\">\u00a0<\/div><\/div><\/div><div style=\"padding: 19% 0;\">\u00a0<\/div><div style=\"display: block; height: 50px; margin: 0 auto 12px; width: 50px;\">\u00a0<\/div><div style=\"padding-top: 8px;\"><div style=\"color: #3897f0; font-family: Arial,sans-serif; font-size: 14px; font-style: normal; font-weight: 550; line-height: 18px;\">View this post on Instagram<\/div><\/div><div style=\"padding: 12.5% 0;\">\u00a0<\/div><div style=\"display: flex; flex-direction: row; margin-bottom: 14px; align-items: center;\"><div><div style=\"background-color: #f4f4f4; border-radius: 50%; height: 12.5px; width: 12.5px; transform: translateX(0px) translateY(7px);\">\u00a0<\/div><div style=\"background-color: #f4f4f4; height: 12.5px; transform: rotate(-45deg) translateX(3px) translateY(1px); width: 12.5px; flex-grow: 0; margin-right: 14px; margin-left: 2px;\">\u00a0<\/div><div style=\"background-color: #f4f4f4; border-radius: 50%; height: 12.5px; width: 12.5px; transform: translateX(9px) translateY(-18px);\">\u00a0<\/div><\/div><div style=\"margin-left: 8px;\"><div style=\"background-color: #f4f4f4; border-radius: 50%; flex-grow: 0; height: 20px; width: 20px;\">\u00a0<\/div><div style=\"width: 0; height: 0; border-top: 2px solid transparent; border-left: 6px solid #f4f4f4; border-bottom: 2px solid transparent; transform: translateX(16px) translateY(-4px) rotate(30deg);\">\u00a0<\/div><\/div><div style=\"margin-left: auto;\"><div style=\"width: 0px; border-top: 8px solid #F4F4F4; border-right: 8px solid transparent; transform: translateY(16px);\">\u00a0<\/div><div style=\"background-color: #f4f4f4; flex-grow: 0; height: 12px; width: 16px; transform: translateY(-4px);\">\u00a0<\/div><div style=\"width: 0; height: 0; border-top: 8px solid #F4F4F4; border-left: 8px solid transparent; transform: translateY(-4px) translateX(8px);\">\u00a0<\/div><\/div><\/div><div style=\"display: flex; flex-direction: column; flex-grow: 1; justify-content: center; margin-bottom: 24px;\"><div style=\"background-color: #f4f4f4; border-radius: 4px; flex-grow: 0; height: 14px; margin-bottom: 6px; width: 224px;\">\u00a0<\/div><div style=\"background-color: #f4f4f4; border-radius: 4px; flex-grow: 0; height: 14px; width: 144px;\">\u00a0<\/div><\/div><p>\u00a0<\/p><p style=\"color: #c9c8cd; font-family: Arial,sans-serif; font-size: 14px; line-height: 17px; margin-bottom: 0; margin-top: 8px; overflow: hidden; padding: 8px 0 7px; text-align: center; text-overflow: ellipsis; white-space: nowrap;\"><a style=\"color: #c9c8cd; font-family: Arial,sans-serif; font-size: 14px; font-style: normal; font-weight: normal; line-height: 17px; text-decoration: none;\" href=\"https:\/\/www.instagram.com\/reel\/CxLcjzRNKVu\/?utm_source=ig_embed&amp;utm_campaign=loading\" target=\"_blank\" rel=\"noopener\">A post shared by Kathi | balkan travel + expat life (@kathi.daniela)<\/a><\/p><\/div><\/blockquote><p><script async src=\"\/\/www.instagram.com\/embed.js\"><\/script><\/p>\t\t\t\t\t\t\t\t<\/div>\n\t\t\t\t<\/div>\n\t\t\t\t\t<\/div>\n\t\t<\/div>\n\t\t\t\t\t<\/div>\n\t\t<\/section>\n\t\t\t\t<section class=\"penci-section penci-disSticky penci-structure-20 elementor-section elementor-inner-section elementor-element elementor-element-9aafac7 elementor-section-boxed elementor-section-height-default elementor-section-height-default\" data-id=\"9aafac7\" data-element_type=\"section\">\n\t\t\t\t\t\t<div class=\"elementor-container elementor-column-gap-default\">\n\t\t\t\t\t<div class=\"penci-ercol-50 penci-ercol-order-1 penci-sticky-ct    elementor-column elementor-col-50 elementor-inner-column elementor-element elementor-element-705ea91\" data-id=\"705ea91\" data-element_type=\"column\">\n\t\t\t<div class=\"elementor-widget-wrap elementor-element-populated\">\n\t\t\t\t\t\t<div class=\"elementor-element elementor-element-b96cbcf elementor-widget elementor-widget-text-editor\" data-id=\"b96cbcf\" data-element_type=\"widget\" data-widget_type=\"text-editor.default\">\n\t\t\t\t<div class=\"elementor-widget-container\">\n\t\t\t\t\t\t\t\t\t<h3>Hike to Trnova\u010dko Jezero (in Montenegro)<\/h3><p>Of all the hikes in Sutjeska, the one to Lake Trnova\u010dko is certainly the most famous. And rightly so: it is one of the most beautiful hikes I have undertaken since living in Bosnia-Herzegovina. And how cool is it that you actually cross a national border on the hiking trail?<\/p><p>Trnovacko Jezero is technically not located in Sutjeska National Park, but in Piva National Park in Montenegro. You can of course reach the lake from Montenegro, but the route from Bosnia and Herzegovina is also a popular hiking route.<\/p><p>The first stage of this rewarding hike takes you from the Prijevor viewpoint, the starting point and car park,<b> <\/b>directly into the shadow of Bosnia's highest peak, the Magli\u0107. The route continues along scree fields, with rugged karst ridges to the left and right, down to a beautiful meadow surrounded by the high peaks of two national parks. The route then climbs steeply back up to the lake - the most challenging part of the route, which makes reaching your destination all the more rewarding!<\/p><p><span style=\"font-weight: bold;\"><u>\u203c\ufe0f A note<\/u><\/span><span style=\"color: inherit; font-family: inherit; font-size: inherit; font-weight: inherit; text-align: inherit;\">Entry to the lake costs one EUR, which you should have with you in cash. As you are also crossing a national border, you must have an identity document with you. <a href=\"https:\/\/kathi-daniela.com\/en\/destinations\/balkan\/bosnia-and-herzegovina\/hiking-in-sutjeska-national-park-lake-trnovacko\/\" target=\"_blank\" rel=\"noopener\">You can find my full hiking report on Lake Trnova\u010dko here.<\/a><\/span><\/p>\t\t\t\t\t\t\t\t<\/div>\n\t\t\t\t<\/div>\n\t\t\t\t\t<\/div>\n\t\t<\/div>\n\t\t\t\t<div class=\"penci-ercol-50 penci-ercol-order-2 penci-sticky-ct    elementor-column elementor-col-50 elementor-inner-column elementor-element elementor-element-0ac7148\" data-id=\"0ac7148\" data-element_type=\"column\">\n\t\t\t<div class=\"elementor-widget-wrap elementor-element-populated\">\n\t\t\t\t\t\t<div class=\"elementor-element elementor-element-b309116 elementor-widget elementor-widget-text-editor\" data-id=\"b309116\" data-element_type=\"widget\" data-widget_type=\"text-editor.default\">\n\t\t\t\t<div class=\"elementor-widget-container\">\n\t\t\t\t\t\t\t\t\t<p><strong>Details:<\/strong><\/p><ul class=\"pt-2 first:pt-0 list-inside list-disc font-poppins text-xs text-content font-normal leading-loose text-left\"><li>Length: 10.3 km<\/li><li>Difficulty: moderate<\/li><li>Height difference: 545 m<\/li><li><a href=\"https:\/\/www.alltrails.com\/de\/explore\/recording\/tuesday-afternoon-hike-05a4459?u=m&amp;sh=cpwn1g\" target=\"_blank\" rel=\"noopener\">Hiking map<\/a><\/li><\/ul>\t\t\t\t\t\t\t\t<\/div>\n\t\t\t\t<\/div>\n\t\t\t\t\t<\/div>\n\t\t<\/div>\n\t\t\t\t\t<\/div>\n\t\t<\/section>\n\t\t\t\t\t<\/div>\n\t\t<\/div>\n\t\t\t\t\t<\/div>\n\t\t<\/section>\n\t\t\t\t<section class=\"penci-section penci-disSticky penci-structure-20 elementor-section elementor-top-section elementor-element elementor-element-996d21d elementor-section-boxed elementor-section-height-default elementor-section-height-default\" data-id=\"996d21d\" data-element_type=\"section\">\n\t\t\t\t\t\t<div class=\"elementor-container elementor-column-gap-default\">\n\t\t\t\t\t<div class=\"penci-ercol-50 penci-ercol-order-1 penci-sticky-ct    elementor-column elementor-col-50 elementor-top-column elementor-element elementor-element-2972676\" data-id=\"2972676\" data-element_type=\"column\">\n\t\t\t<div class=\"elementor-widget-wrap elementor-element-populated\">\n\t\t\t\t\t\t<div class=\"elementor-element elementor-element-dfd2cb0 elementor-widget elementor-widget-image\" data-id=\"dfd2cb0\" data-element_type=\"widget\" data-widget_type=\"image.default\">\n\t\t\t\t<div class=\"elementor-widget-container\">\n\t\t\t\t\t\t\t\t\t\t\t\t\t\t\t<img loading=\"lazy\" decoding=\"async\" width=\"768\" height=\"1024\" src=\"https:\/\/kathi-daniela.com\/wp-content\/uploads\/2023\/10\/wandern-sutjeska-nationalpark-17-768x1024.jpg\" class=\"attachment-large size-large wp-image-17677\" alt=\"\" srcset=\"https:\/\/kathi-daniela.com\/wp-content\/uploads\/2023\/10\/wandern-sutjeska-nationalpark-17-768x1024.jpg 768w, https:\/\/kathi-daniela.com\/wp-content\/uploads\/2023\/10\/wandern-sutjeska-nationalpark-17-225x300.jpg 225w, https:\/\/kathi-daniela.com\/wp-content\/uploads\/2023\/10\/wandern-sutjeska-nationalpark-17-1152x1536.jpg 1152w, https:\/\/kathi-daniela.com\/wp-content\/uploads\/2023\/10\/wandern-sutjeska-nationalpark-17-9x12.jpg 9w, https:\/\/kathi-daniela.com\/wp-content\/uploads\/2023\/10\/wandern-sutjeska-nationalpark-17-1170x1560.jpg 1170w, https:\/\/kathi-daniela.com\/wp-content\/uploads\/2023\/10\/wandern-sutjeska-nationalpark-17-585x780.jpg 585w, https:\/\/kathi-daniela.com\/wp-content\/uploads\/2023\/10\/wandern-sutjeska-nationalpark-17.jpg 1536w\" sizes=\"(max-width: 768px) 100vw, 768px\" \/>\t\t\t\t\t\t\t\t\t\t\t\t\t\t\t<\/div>\n\t\t\t\t<\/div>\n\t\t\t\t\t<\/div>\n\t\t<\/div>\n\t\t\t\t<div class=\"penci-ercol-50 penci-ercol-order-2 penci-sticky-ct    elementor-column elementor-col-50 elementor-top-column elementor-element elementor-element-2208434\" data-id=\"2208434\" data-element_type=\"column\">\n\t\t\t<div class=\"elementor-widget-wrap elementor-element-populated\">\n\t\t\t\t\t\t<div class=\"elementor-element elementor-element-f587b75 elementor-widget elementor-widget-image\" data-id=\"f587b75\" data-element_type=\"widget\" data-widget_type=\"image.default\">\n\t\t\t\t<div class=\"elementor-widget-container\">\n\t\t\t\t\t\t\t\t\t\t\t\t\t\t\t<img loading=\"lazy\" decoding=\"async\" width=\"768\" height=\"1024\" src=\"https:\/\/kathi-daniela.com\/wp-content\/uploads\/2023\/10\/wandern-sutjeska-nationalpark-08-768x1024.jpg\" class=\"attachment-large size-large wp-image-17667\" alt=\"\" srcset=\"https:\/\/kathi-daniela.com\/wp-content\/uploads\/2023\/10\/wandern-sutjeska-nationalpark-08-768x1024.jpg 768w, https:\/\/kathi-daniela.com\/wp-content\/uploads\/2023\/10\/wandern-sutjeska-nationalpark-08-225x300.jpg 225w, https:\/\/kathi-daniela.com\/wp-content\/uploads\/2023\/10\/wandern-sutjeska-nationalpark-08-1152x1536.jpg 1152w, https:\/\/kathi-daniela.com\/wp-content\/uploads\/2023\/10\/wandern-sutjeska-nationalpark-08-9x12.jpg 9w, https:\/\/kathi-daniela.com\/wp-content\/uploads\/2023\/10\/wandern-sutjeska-nationalpark-08-1170x1560.jpg 1170w, https:\/\/kathi-daniela.com\/wp-content\/uploads\/2023\/10\/wandern-sutjeska-nationalpark-08-585x780.jpg 585w, https:\/\/kathi-daniela.com\/wp-content\/uploads\/2023\/10\/wandern-sutjeska-nationalpark-08.jpg 1536w\" sizes=\"(max-width: 768px) 100vw, 768px\" \/>\t\t\t\t\t\t\t\t\t\t\t\t\t\t\t<\/div>\n\t\t\t\t<\/div>\n\t\t\t\t\t<\/div>\n\t\t<\/div>\n\t\t\t\t\t<\/div>\n\t\t<\/section>\n\t\t\t\t<section class=\"penci-section penci-disSticky penci-structure-20 elementor-section elementor-top-section elementor-element elementor-element-1127b1d elementor-section-boxed elementor-section-height-default elementor-section-height-default\" data-id=\"1127b1d\" data-element_type=\"section\">\n\t\t\t\t\t\t<div class=\"elementor-container elementor-column-gap-default\">\n\t\t\t\t\t<div class=\"penci-ercol-50 penci-ercol-order-1 penci-sticky-ct    elementor-column elementor-col-50 elementor-top-column elementor-element elementor-element-e73a092\" data-id=\"e73a092\" data-element_type=\"column\">\n\t\t\t<div class=\"elementor-widget-wrap elementor-element-populated\">\n\t\t\t\t\t\t<div class=\"elementor-element elementor-element-28ea0a6 elementor-widget elementor-widget-text-editor\" data-id=\"28ea0a6\" data-element_type=\"widget\" data-widget_type=\"text-editor.default\">\n\t\t\t\t<div class=\"elementor-widget-container\">\n\t\t\t\t\t\t\t\t\t<h3>Hiking trip to the Gornje Bare and Donje Bare lakes<\/h3><p>Completely unspoilt by human hands, Donje Bare Lake lies in a remote part of Mount Zelengora. A hike to these crystal-clear bathing lakes is a solitary pleasure. The journey alone is quite a challenge: it takes over an hour uphill on gravel tracks until we finally park at a small signpost.<\/p><p>Our hike - more of a walk - then takes us across mountain meadows strewn with blueberries to the lake (the second lake dried up at the end of the summer) at the foot of a scree field. A true paradise on earth - I have never seen such clear water, never felt such peaceful tranquillity anywhere. The only other people around are, with luck, a few mountain goats. The wild goats are at home on the slopes of the Zelengora.<\/p><p>In contrast to the barren plateaus of the Magli\u0107, not only they, but also bears, deer and other forest animals find plenty of food here. Travelling with a well-trained guide is a clear advantage: they know the signs and tracks of the animals, whether one is nearby and how to behave. If you want to visit the Sutjeska, I really recommend that you do it with a mountain guide.<\/p><p>A hiking trip to Donje Bare can easily be combined with another stop at Donje Bare Lake. Today, there is a small hut here that offers a Spartan idyll - located on the shore of the lake and rented out by the mountaineering association. In the past, however, the Yugoslavian elite used to meet in Tito's villa on the shores of the crystal-clear lake, which appears almost transparent - today all that remains of it is a ruin.<\/p>\t\t\t\t\t\t\t\t<\/div>\n\t\t\t\t<\/div>\n\t\t\t\t\t<\/div>\n\t\t<\/div>\n\t\t\t\t<div class=\"penci-ercol-50 penci-ercol-order-2 penci-sticky-ct    elementor-column elementor-col-50 elementor-top-column elementor-element elementor-element-6c245a8\" data-id=\"6c245a8\" data-element_type=\"column\">\n\t\t\t<div class=\"elementor-widget-wrap elementor-element-populated\">\n\t\t\t\t\t\t<div class=\"elementor-element elementor-element-18e92ed elementor-widget elementor-widget-text-editor\" data-id=\"18e92ed\" data-element_type=\"widget\" data-widget_type=\"text-editor.default\">\n\t\t\t\t<div class=\"elementor-widget-container\">\n\t\t\t\t\t\t\t\t\t<p><strong>Details:<\/strong><\/p><ul class=\"pt-2 first:pt-0 list-inside list-disc font-poppins text-xs text-content font-normal leading-loose text-left\"><li>Length: 3.2 km<\/li><li>Difficulty: easy<\/li><li>Height difference: 110 m<\/li><li><a style=\"background-color: var( --e-global-color-6f81e351 ); font-family: var( --e-global-typography-text-font-family ), Sans-serif; font-weight: var( --e-global-typography-text-font-weight );\" href=\"https:\/\/www.alltrails.com\/de\/explore\/recording\/wednesday-noon-hike-5f0453f?u=m&amp;sh=cpwn1g\" target=\"_blank\" rel=\"noopener\">Hiking map<\/a><\/li><\/ul>\t\t\t\t\t\t\t\t<\/div>\n\t\t\t\t<\/div>\n\t\t\t\t\t<\/div>\n\t\t<\/div>\n\t\t\t\t\t<\/div>\n\t\t<\/section>\n\t\t\t\t<section class=\"penci-section penci-disSticky penci-structure-20 elementor-section elementor-top-section elementor-element elementor-element-53ea4a2 elementor-section-boxed elementor-section-height-default elementor-section-height-default\" data-id=\"53ea4a2\" data-element_type=\"section\">\n\t\t\t\t\t\t<div class=\"elementor-container elementor-column-gap-default\">\n\t\t\t\t\t<div class=\"penci-ercol-50 penci-ercol-order-1 penci-sticky-ct    elementor-column elementor-col-50 elementor-top-column elementor-element elementor-element-9187f7c\" data-id=\"9187f7c\" data-element_type=\"column\">\n\t\t\t<div class=\"elementor-widget-wrap elementor-element-populated\">\n\t\t\t\t\t\t<div class=\"elementor-element elementor-element-45c62b0 elementor-widget elementor-widget-image\" data-id=\"45c62b0\" data-element_type=\"widget\" data-widget_type=\"image.default\">\n\t\t\t\t<div class=\"elementor-widget-container\">\n\t\t\t\t\t\t\t\t\t\t\t\t\t\t\t<img loading=\"lazy\" decoding=\"async\" width=\"768\" height=\"1024\" src=\"https:\/\/kathi-daniela.com\/wp-content\/uploads\/2023\/10\/wandern-sutjeska-nationalpark-05-1-768x1024.jpg\" class=\"attachment-large size-large wp-image-17919\" alt=\"\" srcset=\"https:\/\/kathi-daniela.com\/wp-content\/uploads\/2023\/10\/wandern-sutjeska-nationalpark-05-1-768x1024.jpg 768w, https:\/\/kathi-daniela.com\/wp-content\/uploads\/2023\/10\/wandern-sutjeska-nationalpark-05-1-225x300.jpg 225w, https:\/\/kathi-daniela.com\/wp-content\/uploads\/2023\/10\/wandern-sutjeska-nationalpark-05-1-1152x1536.jpg 1152w, https:\/\/kathi-daniela.com\/wp-content\/uploads\/2023\/10\/wandern-sutjeska-nationalpark-05-1-9x12.jpg 9w, https:\/\/kathi-daniela.com\/wp-content\/uploads\/2023\/10\/wandern-sutjeska-nationalpark-05-1-1170x1560.jpg 1170w, https:\/\/kathi-daniela.com\/wp-content\/uploads\/2023\/10\/wandern-sutjeska-nationalpark-05-1-585x780.jpg 585w, https:\/\/kathi-daniela.com\/wp-content\/uploads\/2023\/10\/wandern-sutjeska-nationalpark-05-1.jpg 1536w\" sizes=\"(max-width: 768px) 100vw, 768px\" \/>\t\t\t\t\t\t\t\t\t\t\t\t\t\t\t<\/div>\n\t\t\t\t<\/div>\n\t\t\t\t\t<\/div>\n\t\t<\/div>\n\t\t\t\t<div class=\"penci-ercol-50 penci-ercol-order-2 penci-sticky-ct    elementor-column elementor-col-50 elementor-top-column elementor-element elementor-element-2072d98\" data-id=\"2072d98\" data-element_type=\"column\">\n\t\t\t<div class=\"elementor-widget-wrap elementor-element-populated\">\n\t\t\t\t\t\t<div class=\"elementor-element elementor-element-116f7bc elementor-widget elementor-widget-image\" data-id=\"116f7bc\" data-element_type=\"widget\" data-widget_type=\"image.default\">\n\t\t\t\t<div class=\"elementor-widget-container\">\n\t\t\t\t\t\t\t\t\t\t\t\t\t\t\t<img loading=\"lazy\" decoding=\"async\" width=\"768\" height=\"1024\" src=\"https:\/\/kathi-daniela.com\/wp-content\/uploads\/2023\/10\/wandern-sutjeska-nationalpark-08-1-768x1024.jpg\" class=\"attachment-large size-large wp-image-17922\" alt=\"\" srcset=\"https:\/\/kathi-daniela.com\/wp-content\/uploads\/2023\/10\/wandern-sutjeska-nationalpark-08-1-768x1024.jpg 768w, https:\/\/kathi-daniela.com\/wp-content\/uploads\/2023\/10\/wandern-sutjeska-nationalpark-08-1-225x300.jpg 225w, https:\/\/kathi-daniela.com\/wp-content\/uploads\/2023\/10\/wandern-sutjeska-nationalpark-08-1-1152x1536.jpg 1152w, https:\/\/kathi-daniela.com\/wp-content\/uploads\/2023\/10\/wandern-sutjeska-nationalpark-08-1-9x12.jpg 9w, https:\/\/kathi-daniela.com\/wp-content\/uploads\/2023\/10\/wandern-sutjeska-nationalpark-08-1-1170x1560.jpg 1170w, https:\/\/kathi-daniela.com\/wp-content\/uploads\/2023\/10\/wandern-sutjeska-nationalpark-08-1-585x780.jpg 585w, https:\/\/kathi-daniela.com\/wp-content\/uploads\/2023\/10\/wandern-sutjeska-nationalpark-08-1.jpg 1536w\" sizes=\"(max-width: 768px) 100vw, 768px\" \/>\t\t\t\t\t\t\t\t\t\t\t\t\t\t\t<\/div>\n\t\t\t\t<\/div>\n\t\t\t\t\t<\/div>\n\t\t<\/div>\n\t\t\t\t\t<\/div>\n\t\t<\/section>\n\t\t\t\t<section class=\"penci-section penci-disSticky penci-structure-10 elementor-section elementor-top-section elementor-element elementor-element-9f251d3 elementor-section-boxed elementor-section-height-default elementor-section-height-default\" data-id=\"9f251d3\" data-element_type=\"section\">\n\t\t\t\t\t\t<div class=\"elementor-container elementor-column-gap-default\">\n\t\t\t\t\t<div class=\"penci-ercol-100 penci-ercol-order-1 penci-sticky-ct    elementor-column elementor-col-100 elementor-top-column elementor-element elementor-element-63dece1\" data-id=\"63dece1\" data-element_type=\"column\">\n\t\t\t<div class=\"elementor-widget-wrap elementor-element-populated\">\n\t\t\t\t\t\t<div class=\"elementor-element elementor-element-9effd4b elementor-widget elementor-widget-image\" data-id=\"9effd4b\" data-element_type=\"widget\" data-widget_type=\"image.default\">\n\t\t\t\t<div class=\"elementor-widget-container\">\n\t\t\t\t\t\t\t\t\t\t\t\t\t\t\t<img loading=\"lazy\" decoding=\"async\" width=\"2048\" height=\"1536\" src=\"https:\/\/kathi-daniela.com\/wp-content\/uploads\/2023\/10\/wandern-sutjeska-nationalpark-07-2.jpg\" class=\"attachment-full size-full wp-image-17921\" alt=\"\" srcset=\"https:\/\/kathi-daniela.com\/wp-content\/uploads\/2023\/10\/wandern-sutjeska-nationalpark-07-2.jpg 2048w, https:\/\/kathi-daniela.com\/wp-content\/uploads\/2023\/10\/wandern-sutjeska-nationalpark-07-2-300x225.jpg 300w, https:\/\/kathi-daniela.com\/wp-content\/uploads\/2023\/10\/wandern-sutjeska-nationalpark-07-2-1024x768.jpg 1024w, https:\/\/kathi-daniela.com\/wp-content\/uploads\/2023\/10\/wandern-sutjeska-nationalpark-07-2-768x576.jpg 768w, https:\/\/kathi-daniela.com\/wp-content\/uploads\/2023\/10\/wandern-sutjeska-nationalpark-07-2-1536x1152.jpg 1536w, https:\/\/kathi-daniela.com\/wp-content\/uploads\/2023\/10\/wandern-sutjeska-nationalpark-07-2-16x12.jpg 16w, https:\/\/kathi-daniela.com\/wp-content\/uploads\/2023\/10\/wandern-sutjeska-nationalpark-07-2-1920x1440.jpg 1920w, https:\/\/kathi-daniela.com\/wp-content\/uploads\/2023\/10\/wandern-sutjeska-nationalpark-07-2-1170x878.jpg 1170w, https:\/\/kathi-daniela.com\/wp-content\/uploads\/2023\/10\/wandern-sutjeska-nationalpark-07-2-585x439.jpg 585w\" sizes=\"(max-width: 2048px) 100vw, 2048px\" \/>\t\t\t\t\t\t\t\t\t\t\t\t\t\t\t<\/div>\n\t\t\t\t<\/div>\n\t\t\t\t\t<\/div>\n\t\t<\/div>\n\t\t\t\t\t<\/div>\n\t\t<\/section>\n\t\t\t\t<section class=\"penci-section penci-disSticky penci-structure-20 elementor-section elementor-top-section elementor-element elementor-element-dd7824b elementor-section-boxed elementor-section-height-default elementor-section-height-default\" data-id=\"dd7824b\" data-element_type=\"section\">\n\t\t\t\t\t\t<div class=\"elementor-container elementor-column-gap-default\">\n\t\t\t\t\t<div class=\"penci-ercol-50 penci-ercol-order-1 penci-sticky-ct    elementor-column elementor-col-50 elementor-top-column elementor-element elementor-element-1a9d714\" data-id=\"1a9d714\" data-element_type=\"column\">\n\t\t\t<div class=\"elementor-widget-wrap elementor-element-populated\">\n\t\t\t\t\t\t<div class=\"elementor-element elementor-element-f2d0083 elementor-widget elementor-widget-image\" data-id=\"f2d0083\" data-element_type=\"widget\" data-widget_type=\"image.default\">\n\t\t\t\t<div class=\"elementor-widget-container\">\n\t\t\t\t\t\t\t\t\t\t\t\t\t\t\t<img loading=\"lazy\" decoding=\"async\" width=\"768\" height=\"1024\" src=\"https:\/\/kathi-daniela.com\/wp-content\/uploads\/2023\/10\/wandern-sutjeska-nationalpark-02-1-768x1024.jpg\" class=\"attachment-large size-large wp-image-17916\" alt=\"\" srcset=\"https:\/\/kathi-daniela.com\/wp-content\/uploads\/2023\/10\/wandern-sutjeska-nationalpark-02-1-768x1024.jpg 768w, https:\/\/kathi-daniela.com\/wp-content\/uploads\/2023\/10\/wandern-sutjeska-nationalpark-02-1-225x300.jpg 225w, https:\/\/kathi-daniela.com\/wp-content\/uploads\/2023\/10\/wandern-sutjeska-nationalpark-02-1-1152x1536.jpg 1152w, https:\/\/kathi-daniela.com\/wp-content\/uploads\/2023\/10\/wandern-sutjeska-nationalpark-02-1-9x12.jpg 9w, https:\/\/kathi-daniela.com\/wp-content\/uploads\/2023\/10\/wandern-sutjeska-nationalpark-02-1-1170x1560.jpg 1170w, https:\/\/kathi-daniela.com\/wp-content\/uploads\/2023\/10\/wandern-sutjeska-nationalpark-02-1-585x780.jpg 585w, https:\/\/kathi-daniela.com\/wp-content\/uploads\/2023\/10\/wandern-sutjeska-nationalpark-02-1.jpg 1536w\" sizes=\"(max-width: 768px) 100vw, 768px\" \/>\t\t\t\t\t\t\t\t\t\t\t\t\t\t\t<\/div>\n\t\t\t\t<\/div>\n\t\t\t\t\t<\/div>\n\t\t<\/div>\n\t\t\t\t<div class=\"penci-ercol-50 penci-ercol-order-2 penci-sticky-ct    elementor-column elementor-col-50 elementor-top-column elementor-element elementor-element-4f19ac2\" data-id=\"4f19ac2\" data-element_type=\"column\">\n\t\t\t<div class=\"elementor-widget-wrap elementor-element-populated\">\n\t\t\t\t\t\t<div class=\"elementor-element elementor-element-90aea53 elementor-widget elementor-widget-image\" data-id=\"90aea53\" data-element_type=\"widget\" data-widget_type=\"image.default\">\n\t\t\t\t<div class=\"elementor-widget-container\">\n\t\t\t\t\t\t\t\t\t\t\t\t\t\t\t<img loading=\"lazy\" decoding=\"async\" width=\"768\" height=\"1024\" src=\"https:\/\/kathi-daniela.com\/wp-content\/uploads\/2023\/10\/wandern-sutjeska-nationalpark-01-1-768x1024.jpg\" class=\"attachment-large size-large wp-image-17915\" alt=\"\" srcset=\"https:\/\/kathi-daniela.com\/wp-content\/uploads\/2023\/10\/wandern-sutjeska-nationalpark-01-1-768x1024.jpg 768w, https:\/\/kathi-daniela.com\/wp-content\/uploads\/2023\/10\/wandern-sutjeska-nationalpark-01-1-225x300.jpg 225w, https:\/\/kathi-daniela.com\/wp-content\/uploads\/2023\/10\/wandern-sutjeska-nationalpark-01-1-1152x1536.jpg 1152w, https:\/\/kathi-daniela.com\/wp-content\/uploads\/2023\/10\/wandern-sutjeska-nationalpark-01-1-9x12.jpg 9w, https:\/\/kathi-daniela.com\/wp-content\/uploads\/2023\/10\/wandern-sutjeska-nationalpark-01-1-1170x1560.jpg 1170w, https:\/\/kathi-daniela.com\/wp-content\/uploads\/2023\/10\/wandern-sutjeska-nationalpark-01-1-585x780.jpg 585w, https:\/\/kathi-daniela.com\/wp-content\/uploads\/2023\/10\/wandern-sutjeska-nationalpark-01-1.jpg 1536w\" sizes=\"(max-width: 768px) 100vw, 768px\" \/>\t\t\t\t\t\t\t\t\t\t\t\t\t\t\t<\/div>\n\t\t\t\t<\/div>\n\t\t\t\t\t<\/div>\n\t\t<\/div>\n\t\t\t\t\t<\/div>\n\t\t<\/section>\n\t\t\t\t<section class=\"penci-section penci-disSticky penci-structure-20 elementor-section elementor-top-section elementor-element elementor-element-a18ce2d elementor-section-boxed elementor-section-height-default elementor-section-height-default\" data-id=\"a18ce2d\" data-element_type=\"section\">\n\t\t\t\t\t\t<div class=\"elementor-container elementor-column-gap-default\">\n\t\t\t\t\t<div class=\"penci-ercol-50 penci-ercol-order-1 penci-sticky-ct    elementor-column elementor-col-50 elementor-top-column elementor-element elementor-element-d23ba60\" data-id=\"d23ba60\" data-element_type=\"column\">\n\t\t\t<div class=\"elementor-widget-wrap elementor-element-populated\">\n\t\t\t\t\t\t<div class=\"elementor-element elementor-element-0b74d6f elementor-widget elementor-widget-text-editor\" data-id=\"0b74d6f\" data-element_type=\"widget\" data-widget_type=\"text-editor.default\">\n\t\t\t\t<div class=\"elementor-widget-container\">\n\t\t\t\t\t\t\t\t\t<h3>Ascent of the Magli\u0107<\/h3><p>The highest peak in the country is of course on the bucket list of many hikers, but should only be climbed by experienced hikers. The route is demanding and challenging, so good hiking equipment is a must!<\/p><p>Even in summer, the weather can change quickly. Magli\u0107 is also known as the misty mountain and once you have left the mountain meadows at its foot behind you, you climb over rugged karst fields to the summit. But the views during the climb are worth it! And at the end, of course - the sense of achievement awaits!<\/p><p>From Magli\u0107, you not only have a view of the surrounding peaks, but Lake Trnova\u010dko shimmers deep green and blue many hundreds of metres below. Visiting it on the way back is a good idea on this hike, as the route is considered the \"easiest\".<\/p>\t\t\t\t\t\t\t\t<\/div>\n\t\t\t\t<\/div>\n\t\t\t\t\t<\/div>\n\t\t<\/div>\n\t\t\t\t<div class=\"penci-ercol-50 penci-ercol-order-2 penci-sticky-ct    elementor-column elementor-col-50 elementor-top-column elementor-element elementor-element-ab68a0d\" data-id=\"ab68a0d\" data-element_type=\"column\">\n\t\t\t<div class=\"elementor-widget-wrap elementor-element-populated\">\n\t\t\t\t\t\t<div class=\"elementor-element elementor-element-493ddf2 elementor-widget elementor-widget-text-editor\" data-id=\"493ddf2\" data-element_type=\"widget\" data-widget_type=\"text-editor.default\">\n\t\t\t\t<div class=\"elementor-widget-container\">\n\t\t\t\t\t\t\t\t\t<p><strong>Details:<\/strong><\/p><ul><li>Length: 12.6 km<\/li><li>Difficulty: demanding<\/li><li>Height difference: 1,109 m<\/li><li><a style=\"background-color: var( --e-global-color-6f81e351 ); font-family: var( --e-global-typography-text-font-family ), Sans-serif; font-weight: var( --e-global-typography-text-font-weight );\" href=\"https:\/\/www.alltrails.com\/de\/route\/bosnia-herzegovina\/foca\/trnovacko-jezero?u=m&amp;sh=cpwn1g\" target=\"_blank\" rel=\"noopener\">Hiking map<\/a><\/li><\/ul>\t\t\t\t\t\t\t\t<\/div>\n\t\t\t\t<\/div>\n\t\t\t\t\t<\/div>\n\t\t<\/div>\n\t\t\t\t\t<\/div>\n\t\t<\/section>\n\t\t\t\t<section class=\"penci-section penci-disSticky penci-structure-20 elementor-section elementor-top-section elementor-element elementor-element-0c9c6d0 elementor-section-boxed elementor-section-height-default elementor-section-height-default\" data-id=\"0c9c6d0\" data-element_type=\"section\">\n\t\t\t\t\t\t<div class=\"elementor-container elementor-column-gap-default\">\n\t\t\t\t\t<div class=\"penci-ercol-50 penci-ercol-order-1 penci-sticky-ct    elementor-column elementor-col-50 elementor-top-column elementor-element elementor-element-9b4f3c6\" data-id=\"9b4f3c6\" data-element_type=\"column\">\n\t\t\t<div class=\"elementor-widget-wrap elementor-element-populated\">\n\t\t\t\t\t\t<div class=\"elementor-element elementor-element-f077eaf elementor-widget elementor-widget-image\" data-id=\"f077eaf\" data-element_type=\"widget\" data-widget_type=\"image.default\">\n\t\t\t\t<div class=\"elementor-widget-container\">\n\t\t\t\t\t\t\t\t\t\t\t\t\t\t\t<img loading=\"lazy\" decoding=\"async\" width=\"768\" height=\"1024\" src=\"https:\/\/kathi-daniela.com\/wp-content\/uploads\/2023\/10\/wandern-sutjeska-nationalpark-10-1-768x1024.jpg\" class=\"attachment-large size-large wp-image-17924\" alt=\"\" srcset=\"https:\/\/kathi-daniela.com\/wp-content\/uploads\/2023\/10\/wandern-sutjeska-nationalpark-10-1-768x1024.jpg 768w, https:\/\/kathi-daniela.com\/wp-content\/uploads\/2023\/10\/wandern-sutjeska-nationalpark-10-1-225x300.jpg 225w, https:\/\/kathi-daniela.com\/wp-content\/uploads\/2023\/10\/wandern-sutjeska-nationalpark-10-1-1152x1536.jpg 1152w, https:\/\/kathi-daniela.com\/wp-content\/uploads\/2023\/10\/wandern-sutjeska-nationalpark-10-1-9x12.jpg 9w, https:\/\/kathi-daniela.com\/wp-content\/uploads\/2023\/10\/wandern-sutjeska-nationalpark-10-1-1170x1560.jpg 1170w, https:\/\/kathi-daniela.com\/wp-content\/uploads\/2023\/10\/wandern-sutjeska-nationalpark-10-1-585x780.jpg 585w, https:\/\/kathi-daniela.com\/wp-content\/uploads\/2023\/10\/wandern-sutjeska-nationalpark-10-1.jpg 1536w\" sizes=\"(max-width: 768px) 100vw, 768px\" \/>\t\t\t\t\t\t\t\t\t\t\t\t\t\t\t<\/div>\n\t\t\t\t<\/div>\n\t\t\t\t\t<\/div>\n\t\t<\/div>\n\t\t\t\t<div class=\"penci-ercol-50 penci-ercol-order-2 penci-sticky-ct    elementor-column elementor-col-50 elementor-top-column elementor-element elementor-element-722d95c\" data-id=\"722d95c\" data-element_type=\"column\">\n\t\t\t<div class=\"elementor-widget-wrap elementor-element-populated\">\n\t\t\t\t\t\t<div class=\"elementor-element elementor-element-1a949e6 elementor-widget elementor-widget-image\" data-id=\"1a949e6\" data-element_type=\"widget\" data-widget_type=\"image.default\">\n\t\t\t\t<div class=\"elementor-widget-container\">\n\t\t\t\t\t\t\t\t\t\t\t\t\t\t\t<img loading=\"lazy\" decoding=\"async\" width=\"819\" height=\"1024\" src=\"https:\/\/kathi-daniela.com\/wp-content\/uploads\/2023\/10\/wandern-sutjeska-nationalpark-02-819x1024.jpg\" class=\"attachment-large size-large wp-image-17691\" alt=\"\" srcset=\"https:\/\/kathi-daniela.com\/wp-content\/uploads\/2023\/10\/wandern-sutjeska-nationalpark-02-819x1024.jpg 819w, https:\/\/kathi-daniela.com\/wp-content\/uploads\/2023\/10\/wandern-sutjeska-nationalpark-02-240x300.jpg 240w, https:\/\/kathi-daniela.com\/wp-content\/uploads\/2023\/10\/wandern-sutjeska-nationalpark-02-768x960.jpg 768w, https:\/\/kathi-daniela.com\/wp-content\/uploads\/2023\/10\/wandern-sutjeska-nationalpark-02-1229x1536.jpg 1229w, https:\/\/kathi-daniela.com\/wp-content\/uploads\/2023\/10\/wandern-sutjeska-nationalpark-02-10x12.jpg 10w, https:\/\/kathi-daniela.com\/wp-content\/uploads\/2023\/10\/wandern-sutjeska-nationalpark-02-1170x1463.jpg 1170w, https:\/\/kathi-daniela.com\/wp-content\/uploads\/2023\/10\/wandern-sutjeska-nationalpark-02-585x731.jpg 585w, https:\/\/kathi-daniela.com\/wp-content\/uploads\/2023\/10\/wandern-sutjeska-nationalpark-02.jpg 1638w\" sizes=\"(max-width: 819px) 100vw, 819px\" \/>\t\t\t\t\t\t\t\t\t\t\t\t\t\t\t<\/div>\n\t\t\t\t<\/div>\n\t\t\t\t\t<\/div>\n\t\t<\/div>\n\t\t\t\t\t<\/div>\n\t\t<\/section>\n\t\t\t\t<section class=\"penci-section penci-disSticky penci-structure-10 elementor-section elementor-top-section elementor-element elementor-element-f39cb3f elementor-section-boxed elementor-section-height-default elementor-section-height-default\" data-id=\"f39cb3f\" data-element_type=\"section\">\n\t\t\t\t\t\t<div class=\"elementor-container elementor-column-gap-default\">\n\t\t\t\t\t<div class=\"penci-ercol-100 penci-ercol-order-1 penci-sticky-ct    elementor-column elementor-col-100 elementor-top-column elementor-element elementor-element-635b249\" data-id=\"635b249\" data-element_type=\"column\">\n\t\t\t<div class=\"elementor-widget-wrap elementor-element-populated\">\n\t\t\t\t\t\t<div class=\"elementor-element elementor-element-25e293e elementor-widget elementor-widget-heading\" data-id=\"25e293e\" data-element_type=\"widget\" data-widget_type=\"heading.default\">\n\t\t\t\t<div class=\"elementor-widget-container\">\n\t\t\t\t\t<h2 class=\"elementor-heading-title elementor-size-default\">Overnight stays and accommodation in Sutjeska National Park\n<\/h2>\t\t\t\t<\/div>\n\t\t\t\t<\/div>\n\t\t\t\t<div class=\"elementor-element elementor-element-248a11d elementor-widget elementor-widget-text-editor\" data-id=\"248a11d\" data-element_type=\"widget\" data-widget_type=\"text-editor.default\">\n\t\t\t\t<div class=\"elementor-widget-container\">\n\t\t\t\t\t\t\t\t\t<p><span style=\"color: inherit; font-family: inherit; font-size: inherit; font-weight: inherit; text-align: inherit;\">The village of Tjenti\u0161te is the only one within the boundaries of the national park and also the place where you can stay. Unfortunately, the war destroyed tourism in many places in the country and even here in Sutjeska everything is not yet back to how it could be. As the national park is in state hands, modernisation is progressing slowly - while hiking trails are being better developed, there is still a lack of good and new accommodation.<\/span><\/p><p>One place to stay overnight is the<b>\u00a0<a href=\"https:\/\/www.booking.com\/hotel\/ba\/mladost.en.html?aid=7975279&amp;no_rooms=1&amp;group_adults=2\" target=\"_blank\" rel=\"noopener\">Hotel Mladost<\/a><\/b> - which was certainly all the rage in the 1970s, has now lost much of its glamour. But there is a hot shower, the beds are comfortable enough and the breakfast is fine.\u00a0<\/p><p>From there, it is also just a few minutes' walk to the Tjentiste War Memorial, which was erected in honour of the Yugoslav partisans who fell in the Battle of Sutjeska during the Second World War. The partisan memorial is a very interesting architectural construction and is hard to miss.<\/p><p>The Komlen restaurant is also within walking distance - I would recommend having dinner here instead of at the Hotel Mladost.<\/p><p>The restaurant also rents out several <a href=\"https:\/\/www.booking.com\/hotel\/ba\/villa-quot-silver-i-quot.en.html?aid=7975279&amp;no_rooms=1&amp;group_adults=2\" target=\"_blank\" rel=\"noopener\"><b>Flat villas<\/b><\/a>which are ideal for larger groups. Apart from the hotel, they are your only option for accommodation directly in the national park. The villas are spacious and one of them even has its own sauna!<\/p>\t\t\t\t\t\t\t\t<\/div>\n\t\t\t\t<\/div>\n\t\t\t\t\t<\/div>\n\t\t<\/div>\n\t\t\t\t\t<\/div>\n\t\t<\/section>\n\t\t\t\t<section class=\"penci-section penci-disSticky penci-structure-10 elementor-section elementor-top-section elementor-element elementor-element-20624a0 elementor-section-boxed elementor-section-height-default elementor-section-height-default\" data-id=\"20624a0\" data-element_type=\"section\">\n\t\t\t\t\t\t<div class=\"elementor-container elementor-column-gap-default\">\n\t\t\t\t\t<div class=\"penci-ercol-100 penci-ercol-order-1 penci-sticky-ct    elementor-column elementor-col-100 elementor-top-column elementor-element elementor-element-f426924\" data-id=\"f426924\" data-element_type=\"column\">\n\t\t\t<div class=\"elementor-widget-wrap elementor-element-populated\">\n\t\t\t\t\t\t<div class=\"elementor-element elementor-element-a3a835d elementor-widget elementor-widget-image\" data-id=\"a3a835d\" data-element_type=\"widget\" data-widget_type=\"image.default\">\n\t\t\t\t<div class=\"elementor-widget-container\">\n\t\t\t\t\t\t\t\t\t\t\t\t\t\t\t<img loading=\"lazy\" decoding=\"async\" width=\"2048\" height=\"1536\" src=\"https:\/\/kathi-daniela.com\/wp-content\/uploads\/2023\/10\/wandern-sutjeska-nationalpark-13-1.jpg\" class=\"attachment-full size-full wp-image-17937\" alt=\"\" srcset=\"https:\/\/kathi-daniela.com\/wp-content\/uploads\/2023\/10\/wandern-sutjeska-nationalpark-13-1.jpg 2048w, https:\/\/kathi-daniela.com\/wp-content\/uploads\/2023\/10\/wandern-sutjeska-nationalpark-13-1-300x225.jpg 300w, https:\/\/kathi-daniela.com\/wp-content\/uploads\/2023\/10\/wandern-sutjeska-nationalpark-13-1-1024x768.jpg 1024w, https:\/\/kathi-daniela.com\/wp-content\/uploads\/2023\/10\/wandern-sutjeska-nationalpark-13-1-768x576.jpg 768w, https:\/\/kathi-daniela.com\/wp-content\/uploads\/2023\/10\/wandern-sutjeska-nationalpark-13-1-1536x1152.jpg 1536w, https:\/\/kathi-daniela.com\/wp-content\/uploads\/2023\/10\/wandern-sutjeska-nationalpark-13-1-16x12.jpg 16w, https:\/\/kathi-daniela.com\/wp-content\/uploads\/2023\/10\/wandern-sutjeska-nationalpark-13-1-1920x1440.jpg 1920w, https:\/\/kathi-daniela.com\/wp-content\/uploads\/2023\/10\/wandern-sutjeska-nationalpark-13-1-1170x878.jpg 1170w, https:\/\/kathi-daniela.com\/wp-content\/uploads\/2023\/10\/wandern-sutjeska-nationalpark-13-1-585x439.jpg 585w\" sizes=\"(max-width: 2048px) 100vw, 2048px\" \/>\t\t\t\t\t\t\t\t\t\t\t\t\t\t\t<\/div>\n\t\t\t\t<\/div>\n\t\t\t\t\t<\/div>\n\t\t<\/div>\n\t\t\t\t\t<\/div>\n\t\t<\/section>\n\t\t\t\t<section class=\"penci-section penci-disSticky penci-structure-10 elementor-section elementor-top-section elementor-element elementor-element-36f34e07 elementor-section-boxed elementor-section-height-default elementor-section-height-default\" data-id=\"36f34e07\" data-element_type=\"section\">\n\t\t\t\t\t\t<div class=\"elementor-container elementor-column-gap-default\">\n\t\t\t\t\t<div class=\"penci-ercol-100 penci-ercol-order-1 penci-sticky-ct  penci-dmcheck penci-elbg-activate  elementor-column elementor-col-100 elementor-top-column elementor-element elementor-element-2225e490\" data-id=\"2225e490\" data-element_type=\"column\" data-settings=\"{&quot;background_background&quot;:&quot;classic&quot;}\">\n\t\t\t<div class=\"elementor-widget-wrap elementor-element-populated\">\n\t\t\t\t\t\t<div class=\"elementor-element elementor-element-2787b1e4 elementor-widget elementor-widget-heading\" data-id=\"2787b1e4\" data-element_type=\"widget\" data-widget_type=\"heading.default\">\n\t\t\t\t<div class=\"elementor-widget-container\">\n\t\t\t\t\t<h2 class=\"elementor-heading-title elementor-size-default\">Travel planning for Bosnia-Herzegovina made easy<\/h2>\t\t\t\t<\/div>\n\t\t\t\t<\/div>\n\t\t\t\t<div class=\"elementor-element elementor-element-5c751832 elementor-widget elementor-widget-text-editor\" data-id=\"5c751832\" data-element_type=\"widget\" data-widget_type=\"text-editor.default\">\n\t\t\t\t<div class=\"elementor-widget-container\">\n\t\t\t\t\t\t\t\t\t<p>\ud83d\udcb8\u00a0<strong>What is the currency of Bosnia and Herzegovina?<\/strong><br \/>In Bosnia and Herzegovina, the convertible mark (KM for short) is used for payment.  It has been the currency of Bosnia and Herzegovina since 22 June 1998 and was pegged to the German mark at a ratio of 1:1 until 2001 and to the euro since 2002. One euro is always exactly 1.95583 KM). The conversion is therefore very simple.<\/p><p>\ud83c\udde7\ud83c\udde6 <strong>What language is spoken in Bosnia and Herzegovina?<\/strong><br \/>The official languages of the country are Bosnian, Serbian and Croatian, but there are hardly any linguistic differences between them - I always compare them to German and Austrian. Serbian, however, uses Cyrillic letters, which can lead to confusion in the Republika Srpska part of the country. The best thing to do is to download Google Translate, which also allows you to take photos of Cyrillic menus or street signs and have them translated.<\/p><p><strong>\ud83d\udc89 Do I need international health insurance for Bosnia and Herzegovina?<br \/><\/strong><strong>Absolutely!\u00a0<\/strong>You should never, never, never travel without international health insurance. Bosnia and Herzegovina is also not in the EU, which means that your German health insurance covers the country. <em><strong>not<\/strong><\/em> with. I am always happy to recommend other travellers<b> <a href=\"https:\/\/safetywing.com\/?referenceID=25101143&amp;utm_source=25101143&amp;utm_medium=Ambassador\" target=\"_blank\" rel=\"noopener\">SafetyWing<\/a><\/b>. For less than one euro per day, you can insure yourself here and also protect yourself against the risks of extreme sports, lost luggage and other travelling ailments.<\/p><p><b>\ud83d\udcf2 Can I use European roaming in Bosnia and Herzegovina?<br \/><\/b>No, as Bosnia and Herzegovina is not in the EU, your roaming package does not apply here. You can either buy a SIM card locally at a kiosk for a few marks or simply get an eSIM like Airalo, which you can even use for other countries after your trip to Bosnia. <strong><a href=\"https:\/\/airalo.tp.st\/XDZssvUn\" target=\"_blank\" rel=\"noopener\">You can download the Airalo app here<\/a><\/strong>.<\/p><p><b>\ud83e\ude82\u00a0<\/b><span style=\"color: inherit; font-family: inherit; font-size: inherit; text-align: inherit;\"><b>Which tour operator is recommended for my trip to Bosnia?<br \/><\/b><span style=\"font-weight: inherit;\">Together with my Bosnian partner, I founded the boutique travel agency .Cheyf in 2022. We have combined our experience of sustainable tourism in places like South Africa with our knowledge of Bosnia and the way of life in Bosnia. <\/span><i style=\"font-weight: inherit;\">\u0107ejf<\/i><span style=\"font-weight: inherit;\"> united - savouring the little moments that make life worth living. This has resulted in tours that convey sustainability, local experiences and communities and a real attitude to life. <\/span><a style=\"font-weight: inherit;\" href=\"https:\/\/cheyf.ba\/\" target=\"_blank\" rel=\"noopener\"><strong>Here you can take a look at our tours and get to know Cheyf better.<\/strong><\/a><\/span><\/p><p><b>\ud83d\uddfa\ufe0f I would like to travel without a travel agency, are there any ready-made routes?<\/b><br \/>Yes! I offer an interactive travel map for the whole of Bosnia and Herzegovina, with several ready-made itineraries and lots of restaurants and insider tips. And best of all, the map is regularly updated and expanded, meaning you always have the latest recommendations in your pocket. <strong><a href=\"https:\/\/www.rexby.com\/kathidaniela\/bosnia-and-herzegovina\/things-to-do\" target=\"_blank\" rel=\"noopener\">Click here for the interactive travel guide<\/a><\/strong>.<\/p><p><b>\ud83d\udca6 Can I drink the tap water in Bosnia and Herzegovina?<\/b><br \/>You can drink the water in large cities without hesitation. Bottled water is recommended after heavy rainfall or flooding and in rural areas.\u00a0<\/p><p><b>\ud83d\udeec Where can I find the best flights to Bosnia and Herzegovina?<\/b><br \/>You can find the cheapest flights on <a href=\"https:\/\/kiwi.tp.st\/85II01Oo\" target=\"_blank\" rel=\"noopener\"><strong>Kiwi<\/strong><\/a> - where you can compare prices directly.<\/p><p><b>\ud83c\udfef Where can I find the best accommodation in Bosnia and Herzegovina?<\/b><br \/>Most accommodation in Bosnia and Herzegovina, including private accommodation, is often offered at <a href=\"https:\/\/www.booking.com\/region\/ba\/sarajevo-kanton.en.html?aid=7975279&amp;no_rooms=1&amp;group_adults=2\" target=\"_blank\" rel=\"noopener\"><b>Booking.com<\/b><\/a> set. In addition to hotels, you can also book flats or guesthouses here and directly support the Bosnian population with your stay.<\/p><p><b>\ud83d\udef5 Where can I book a hire car for my trip to Bosnia?<br \/><\/b>On <a href=\"https:\/\/rentalcars.tp.st\/Pao99WjK\" target=\"_blank\" rel=\"noopener\"><b>Rentalcars.com<\/b><\/a> you can choose from a wide range of hire cars and compare prices. I recommend that you always book with fully comprehensive insurance. The German driving licence is valid, so you don't need to pack an international driving licence.<\/p>\t\t\t\t\t\t\t\t<\/div>\n\t\t\t\t<\/div>\n\t\t\t\t\t<\/div>\n\t\t<\/div>\n\t\t\t\t\t<\/div>\n\t\t<\/section>\n\t\t\t\t<section class=\"penci-section penci-disSticky penci-structure-10 elementor-section elementor-top-section elementor-element elementor-element-7d57e04f elementor-section-boxed elementor-section-height-default elementor-section-height-default\" data-id=\"7d57e04f\" data-element_type=\"section\">\n\t\t\t\t\t\t<div class=\"elementor-container elementor-column-gap-default\">\n\t\t\t\t\t<div class=\"penci-ercol-100 penci-ercol-order-1 penci-sticky-ct    elementor-column elementor-col-100 elementor-top-column elementor-element elementor-element-549c8b98\" data-id=\"549c8b98\" data-element_type=\"column\">\n\t\t\t<div class=\"elementor-widget-wrap elementor-element-populated\">\n\t\t\t\t\t\t<div class=\"elementor-element elementor-element-77aab6c elementor-widget elementor-widget-text-editor\" data-id=\"77aab6c\" data-element_type=\"widget\" data-widget_type=\"text-editor.default\">\n\t\t\t\t<div class=\"elementor-widget-container\">\n\t\t\t\t\t\t\t\t\t<p><b>TRANSPARENCY: INVITATION &amp; AFFILIATE LINKS<\/b><\/p><p>I was invited on the hikes to test them for my travel agency Cheyf and to include them in our offer. However, my opinion is unaffected by this - if I hadn't liked the excursions, they wouldn't have ended up on this blog or in my travel agency's offer.<\/p><p><span style=\"color: inherit; font-family: inherit; font-size: inherit; font-weight: inherit; text-align: inherit;\">This blog article also contains personal recommendations in the form of affiliate links. If you book or buy something via the links, I will receive a small commission. This does not change the price for you at all. Thank you for your support!<\/span><\/p><p><em><strong><span style=\"color: inherit; font-family: inherit; font-size: inherit; text-align: inherit;\">Have you ever been to Sutjeska National Park? If so, how did you like it? Do you have any additional tips and experiences? I look forward to reading about them in the comments!<\/span><\/strong><\/em><\/p>\t\t\t\t\t\t\t\t<\/div>\n\t\t\t\t<\/div>\n\t\t\t\t\t<\/div>\n\t\t<\/div>\n\t\t\t\t\t<\/div>\n\t\t<\/section>\n\t\t\t\t<\/div>","protected":false},"excerpt":{"rendered":"<p>read the article in \ud83c\uddec\ud83c\udde7 here In the age of instagramworthy views and overcrowded hot spots, they still exist: the undiscovered places. One of them? The Sutjeska National Park. A wild paradise in the heart...<\/p>","protected":false},"author":1,"featured_media":17655,"comment_status":"open","ping_status":"open","sticky":false,"template":"","format":"standard","meta":{"_lmt_disableupdate":"","_lmt_disable":"","footnotes":""},"categories":[139,129,187],"tags":[],"class_list":["post-17841","post","type-post","status-publish","format-standard","has-post-thumbnail","hentry","category-bosnien-herzegowina","category-reiseziele","category-wandern-outdoors"],"yoast_head":"<!-- This site is optimized with the Yoast SEO plugin v27.2 - https:\/\/yoast.com\/product\/yoast-seo-wordpress\/ -->\n<title>Wandern im Sutjeska-Nationalpark: Wanderungen &amp; Routen<\/title>\n<meta name=\"description\" content=\"Die sch\u00f6nsten Wanderungen und Routen f\u00fcr deinen Wanderurlaub im Sutjeska-Nationalpark in Bosnien und Herzegowina findest du hier.\" \/>\n<meta name=\"robots\" content=\"index, follow, max-snippet:-1, max-image-preview:large, max-video-preview:-1\" \/>\n<link rel=\"canonical\" href=\"https:\/\/kathi-daniela.com\/en\/destinations\/hiking-in-sutjeska-national-park-the-most-beautiful-hiking-routes\/\" \/>\n<meta property=\"og:locale\" content=\"en_GB\" \/>\n<meta property=\"og:type\" content=\"article\" \/>\n<meta property=\"og:title\" content=\"Wandern im Sutjeska-Nationalpark: Wanderungen &amp; Routen\" \/>\n<meta property=\"og:description\" content=\"Die sch\u00f6nsten Wanderungen und Routen f\u00fcr deinen Wanderurlaub im Sutjeska-Nationalpark in Bosnien und Herzegowina findest du hier.\" \/>\n<meta property=\"og:url\" content=\"https:\/\/kathi-daniela.com\/en\/destinations\/hiking-in-sutjeska-national-park-the-most-beautiful-hiking-routes\/\" \/>\n<meta property=\"og:site_name\" content=\"Kathi Daniela\" \/>\n<meta property=\"article:publisher\" content=\"http:\/\/www.facebook.com\/KathiDanielaBlog\" \/>\n<meta property=\"article:author\" content=\"https:\/\/www.facebook.com\/KathiDanielaBlog\" \/>\n<meta property=\"article:published_time\" content=\"2023-10-19T14:57:05+00:00\" \/>\n<meta property=\"article:modified_time\" content=\"2024-08-09T14:10:04+00:00\" \/>\n<meta property=\"og:image\" content=\"https:\/\/kathi-daniela.com\/wp-content\/uploads\/2023\/01\/wandern-sutjeska-nationalpark-1.jpg\" \/>\n\t<meta property=\"og:image:width\" content=\"2048\" \/>\n\t<meta property=\"og:image:height\" content=\"1536\" \/>\n\t<meta property=\"og:image:type\" content=\"image\/jpeg\" \/>\n<meta name=\"author\" content=\"Kathi Daniela\" \/>\n<meta name=\"twitter:card\" content=\"summary_large_image\" \/>\n<meta name=\"twitter:creator\" content=\"@kathi_daniela\" \/>\n<meta name=\"twitter:site\" content=\"@kathi_daniela\" \/>\n<meta name=\"twitter:label1\" content=\"Written by\" \/>\n\t<meta name=\"twitter:data1\" content=\"Kathi Daniela\" \/>\n\t<meta name=\"twitter:label2\" content=\"Estimated reading time\" \/>\n\t<meta name=\"twitter:data2\" content=\"17 minutes\" \/>\n<script type=\"application\/ld+json\" class=\"yoast-schema-graph\">{\"@context\":\"https:\/\/schema.org\",\"@graph\":[{\"@type\":\"Article\",\"@id\":\"https:\/\/kathi-daniela.com\/reiseziele\/wandern-im-sutjeska-nationalpark-die-schoensten-routen-wanderungen\/#article\",\"isPartOf\":{\"@id\":\"https:\/\/kathi-daniela.com\/reiseziele\/wandern-im-sutjeska-nationalpark-die-schoensten-routen-wanderungen\/\"},\"author\":{\"name\":\"Kathi Daniela\",\"@id\":\"https:\/\/kathi-daniela.com\/#\/schema\/person\/1b4e36fed943cbb1112bf6bbccc3861f\"},\"headline\":\"Wandern im Sutjeska Nationalpark: Die sch\u00f6nsten Routen &amp; Wanderungen\",\"datePublished\":\"2023-10-19T14:57:05+00:00\",\"dateModified\":\"2024-08-09T14:10:04+00:00\",\"mainEntityOfPage\":{\"@id\":\"https:\/\/kathi-daniela.com\/reiseziele\/wandern-im-sutjeska-nationalpark-die-schoensten-routen-wanderungen\/\"},\"wordCount\":2662,\"commentCount\":0,\"image\":{\"@id\":\"https:\/\/kathi-daniela.com\/reiseziele\/wandern-im-sutjeska-nationalpark-die-schoensten-routen-wanderungen\/#primaryimage\"},\"thumbnailUrl\":\"https:\/\/kathi-daniela.com\/wp-content\/uploads\/2023\/01\/wandern-sutjeska-nationalpark-1.jpg\",\"articleSection\":[\"Bosnien-Herzegowina\",\"Reiseziele\",\"Wandern &amp; Outdoors\"],\"inLanguage\":\"en-GB\",\"potentialAction\":[{\"@type\":\"CommentAction\",\"name\":\"Comment\",\"target\":[\"https:\/\/kathi-daniela.com\/reiseziele\/wandern-im-sutjeska-nationalpark-die-schoensten-routen-wanderungen\/#respond\"]}]},{\"@type\":\"WebPage\",\"@id\":\"https:\/\/kathi-daniela.com\/reiseziele\/wandern-im-sutjeska-nationalpark-die-schoensten-routen-wanderungen\/\",\"url\":\"https:\/\/kathi-daniela.com\/reiseziele\/wandern-im-sutjeska-nationalpark-die-schoensten-routen-wanderungen\/\",\"name\":\"Wandern im Sutjeska-Nationalpark: Wanderungen & Routen\",\"isPartOf\":{\"@id\":\"https:\/\/kathi-daniela.com\/#website\"},\"primaryImageOfPage\":{\"@id\":\"https:\/\/kathi-daniela.com\/reiseziele\/wandern-im-sutjeska-nationalpark-die-schoensten-routen-wanderungen\/#primaryimage\"},\"image\":{\"@id\":\"https:\/\/kathi-daniela.com\/reiseziele\/wandern-im-sutjeska-nationalpark-die-schoensten-routen-wanderungen\/#primaryimage\"},\"thumbnailUrl\":\"https:\/\/kathi-daniela.com\/wp-content\/uploads\/2023\/01\/wandern-sutjeska-nationalpark-1.jpg\",\"datePublished\":\"2023-10-19T14:57:05+00:00\",\"dateModified\":\"2024-08-09T14:10:04+00:00\",\"author\":{\"@id\":\"https:\/\/kathi-daniela.com\/#\/schema\/person\/1b4e36fed943cbb1112bf6bbccc3861f\"},\"description\":\"Die sch\u00f6nsten Wanderungen und Routen f\u00fcr deinen Wanderurlaub im Sutjeska-Nationalpark in Bosnien und Herzegowina findest du hier.\",\"breadcrumb\":{\"@id\":\"https:\/\/kathi-daniela.com\/reiseziele\/wandern-im-sutjeska-nationalpark-die-schoensten-routen-wanderungen\/#breadcrumb\"},\"inLanguage\":\"en-GB\",\"potentialAction\":[{\"@type\":\"ReadAction\",\"target\":[\"https:\/\/kathi-daniela.com\/reiseziele\/wandern-im-sutjeska-nationalpark-die-schoensten-routen-wanderungen\/\"]}]},{\"@type\":\"ImageObject\",\"inLanguage\":\"en-GB\",\"@id\":\"https:\/\/kathi-daniela.com\/reiseziele\/wandern-im-sutjeska-nationalpark-die-schoensten-routen-wanderungen\/#primaryimage\",\"url\":\"https:\/\/kathi-daniela.com\/wp-content\/uploads\/2023\/01\/wandern-sutjeska-nationalpark-1.jpg\",\"contentUrl\":\"https:\/\/kathi-daniela.com\/wp-content\/uploads\/2023\/01\/wandern-sutjeska-nationalpark-1.jpg\",\"width\":2048,\"height\":1536},{\"@type\":\"BreadcrumbList\",\"@id\":\"https:\/\/kathi-daniela.com\/reiseziele\/wandern-im-sutjeska-nationalpark-die-schoensten-routen-wanderungen\/#breadcrumb\",\"itemListElement\":[{\"@type\":\"ListItem\",\"position\":1,\"name\":\"Startseite\",\"item\":\"https:\/\/kathi-daniela.com\/\"},{\"@type\":\"ListItem\",\"position\":2,\"name\":\"Wandern im Sutjeska Nationalpark: Die sch\u00f6nsten Routen &amp; Wanderungen\"}]},{\"@type\":\"WebSite\",\"@id\":\"https:\/\/kathi-daniela.com\/#website\",\"url\":\"https:\/\/kathi-daniela.com\/\",\"name\":\"Kathi Daniela\",\"description\":\"your balkan travel blog\",\"potentialAction\":[{\"@type\":\"SearchAction\",\"target\":{\"@type\":\"EntryPoint\",\"urlTemplate\":\"https:\/\/kathi-daniela.com\/?s={search_term_string}\"},\"query-input\":{\"@type\":\"PropertyValueSpecification\",\"valueRequired\":true,\"valueName\":\"search_term_string\"}}],\"inLanguage\":\"en-GB\"},{\"@type\":\"Person\",\"@id\":\"https:\/\/kathi-daniela.com\/#\/schema\/person\/1b4e36fed943cbb1112bf6bbccc3861f\",\"name\":\"Kathi Daniela\",\"image\":{\"@type\":\"ImageObject\",\"inLanguage\":\"en-GB\",\"@id\":\"https:\/\/kathi-daniela.com\/wp-content\/uploads\/2024\/10\/cropped-Crjepolsko-Wanderung-7-96x96.jpg\",\"url\":\"https:\/\/kathi-daniela.com\/wp-content\/uploads\/2024\/10\/cropped-Crjepolsko-Wanderung-7-96x96.jpg\",\"contentUrl\":\"https:\/\/kathi-daniela.com\/wp-content\/uploads\/2024\/10\/cropped-Crjepolsko-Wanderung-7-96x96.jpg\",\"caption\":\"Kathi Daniela\"},\"description\":\"Kathi lebt seit 2021 mit ihrem bosnischen Mann in Sarajevo, wo die beiden ihren Lebenstraum wahr gemacht und eine Reiseagentur er\u00f6ffnet haben. Kennengelernt haben sie sich in S\u00fcdafrika, wo sie ein Jahr gelebt haben, bevor ihr Weg sie \u00fcber Prag, Hamburg und M\u00fcnchen in die bosnische Hauptstadt gef\u00fchrt hat. Kathi liebt ein Glas eiskaltes Ros\u00e9 und einen guten Flat White \u2013\u00a0und nat\u00fcrlich, den Balkan zu erkunden!\",\"sameAs\":[\"https:\/\/www.facebook.com\/KathiDanielaBlog\",\"@kathi.daniela\",\"https:\/\/x.com\/kathi_daniela\"],\"url\":\"https:\/\/kathi-daniela.com\/en\/author\/kathi-daniela\/\"}]}<\/script>\n<!-- \/ Yoast SEO plugin. -->","yoast_head_json":{"title":"Hiking in Sutjeska National Park: hikes &amp; routes","description":"You can find the most beautiful hikes and routes for your hiking holiday in Sutjeska National Park in Bosnia and Herzegovina here.","robots":{"index":"index","follow":"follow","max-snippet":"max-snippet:-1","max-image-preview":"max-image-preview:large","max-video-preview":"max-video-preview:-1"},"canonical":"https:\/\/kathi-daniela.com\/en\/destinations\/hiking-in-sutjeska-national-park-the-most-beautiful-hiking-routes\/","og_locale":"en_GB","og_type":"article","og_title":"Wandern im Sutjeska-Nationalpark: Wanderungen & Routen","og_description":"Die sch\u00f6nsten Wanderungen und Routen f\u00fcr deinen Wanderurlaub im Sutjeska-Nationalpark in Bosnien und Herzegowina findest du hier.","og_url":"https:\/\/kathi-daniela.com\/en\/destinations\/hiking-in-sutjeska-national-park-the-most-beautiful-hiking-routes\/","og_site_name":"Kathi Daniela","article_publisher":"http:\/\/www.facebook.com\/KathiDanielaBlog","article_author":"https:\/\/www.facebook.com\/KathiDanielaBlog","article_published_time":"2023-10-19T14:57:05+00:00","article_modified_time":"2024-08-09T14:10:04+00:00","og_image":[{"width":2048,"height":1536,"url":"https:\/\/kathi-daniela.com\/wp-content\/uploads\/2023\/01\/wandern-sutjeska-nationalpark-1.jpg","type":"image\/jpeg"}],"author":"Kathi Daniela","twitter_card":"summary_large_image","twitter_creator":"@kathi_daniela","twitter_site":"@kathi_daniela","twitter_misc":{"Written by":"Kathi Daniela","Estimated reading time":"17 minutes"},"schema":{"@context":"https:\/\/schema.org","@graph":[{"@type":"Article","@id":"https:\/\/kathi-daniela.com\/reiseziele\/wandern-im-sutjeska-nationalpark-die-schoensten-routen-wanderungen\/#article","isPartOf":{"@id":"https:\/\/kathi-daniela.com\/reiseziele\/wandern-im-sutjeska-nationalpark-die-schoensten-routen-wanderungen\/"},"author":{"name":"Kathi Daniela","@id":"https:\/\/kathi-daniela.com\/#\/schema\/person\/1b4e36fed943cbb1112bf6bbccc3861f"},"headline":"Wandern im Sutjeska Nationalpark: Die sch\u00f6nsten Routen &amp; Wanderungen","datePublished":"2023-10-19T14:57:05+00:00","dateModified":"2024-08-09T14:10:04+00:00","mainEntityOfPage":{"@id":"https:\/\/kathi-daniela.com\/reiseziele\/wandern-im-sutjeska-nationalpark-die-schoensten-routen-wanderungen\/"},"wordCount":2662,"commentCount":0,"image":{"@id":"https:\/\/kathi-daniela.com\/reiseziele\/wandern-im-sutjeska-nationalpark-die-schoensten-routen-wanderungen\/#primaryimage"},"thumbnailUrl":"https:\/\/kathi-daniela.com\/wp-content\/uploads\/2023\/01\/wandern-sutjeska-nationalpark-1.jpg","articleSection":["Bosnien-Herzegowina","Reiseziele","Wandern &amp; Outdoors"],"inLanguage":"en-GB","potentialAction":[{"@type":"CommentAction","name":"Comment","target":["https:\/\/kathi-daniela.com\/reiseziele\/wandern-im-sutjeska-nationalpark-die-schoensten-routen-wanderungen\/#respond"]}]},{"@type":"WebPage","@id":"https:\/\/kathi-daniela.com\/reiseziele\/wandern-im-sutjeska-nationalpark-die-schoensten-routen-wanderungen\/","url":"https:\/\/kathi-daniela.com\/reiseziele\/wandern-im-sutjeska-nationalpark-die-schoensten-routen-wanderungen\/","name":"Hiking in Sutjeska National Park: hikes &amp; routes","isPartOf":{"@id":"https:\/\/kathi-daniela.com\/#website"},"primaryImageOfPage":{"@id":"https:\/\/kathi-daniela.com\/reiseziele\/wandern-im-sutjeska-nationalpark-die-schoensten-routen-wanderungen\/#primaryimage"},"image":{"@id":"https:\/\/kathi-daniela.com\/reiseziele\/wandern-im-sutjeska-nationalpark-die-schoensten-routen-wanderungen\/#primaryimage"},"thumbnailUrl":"https:\/\/kathi-daniela.com\/wp-content\/uploads\/2023\/01\/wandern-sutjeska-nationalpark-1.jpg","datePublished":"2023-10-19T14:57:05+00:00","dateModified":"2024-08-09T14:10:04+00:00","author":{"@id":"https:\/\/kathi-daniela.com\/#\/schema\/person\/1b4e36fed943cbb1112bf6bbccc3861f"},"description":"You can find the most beautiful hikes and routes for your hiking holiday in Sutjeska National Park in Bosnia and Herzegovina here.","breadcrumb":{"@id":"https:\/\/kathi-daniela.com\/reiseziele\/wandern-im-sutjeska-nationalpark-die-schoensten-routen-wanderungen\/#breadcrumb"},"inLanguage":"en-GB","potentialAction":[{"@type":"ReadAction","target":["https:\/\/kathi-daniela.com\/reiseziele\/wandern-im-sutjeska-nationalpark-die-schoensten-routen-wanderungen\/"]}]},{"@type":"ImageObject","inLanguage":"en-GB","@id":"https:\/\/kathi-daniela.com\/reiseziele\/wandern-im-sutjeska-nationalpark-die-schoensten-routen-wanderungen\/#primaryimage","url":"https:\/\/kathi-daniela.com\/wp-content\/uploads\/2023\/01\/wandern-sutjeska-nationalpark-1.jpg","contentUrl":"https:\/\/kathi-daniela.com\/wp-content\/uploads\/2023\/01\/wandern-sutjeska-nationalpark-1.jpg","width":2048,"height":1536},{"@type":"BreadcrumbList","@id":"https:\/\/kathi-daniela.com\/reiseziele\/wandern-im-sutjeska-nationalpark-die-schoensten-routen-wanderungen\/#breadcrumb","itemListElement":[{"@type":"ListItem","position":1,"name":"Startseite","item":"https:\/\/kathi-daniela.com\/"},{"@type":"ListItem","position":2,"name":"Wandern im Sutjeska Nationalpark: Die sch\u00f6nsten Routen &amp; Wanderungen"}]},{"@type":"WebSite","@id":"https:\/\/kathi-daniela.com\/#website","url":"https:\/\/kathi-daniela.com\/","name":"Kathi Daniela","description":"your balkan travel blog","potentialAction":[{"@type":"SearchAction","target":{"@type":"EntryPoint","urlTemplate":"https:\/\/kathi-daniela.com\/?s={search_term_string}"},"query-input":{"@type":"PropertyValueSpecification","valueRequired":true,"valueName":"search_term_string"}}],"inLanguage":"en-GB"},{"@type":"Person","@id":"https:\/\/kathi-daniela.com\/#\/schema\/person\/1b4e36fed943cbb1112bf6bbccc3861f","name":"Kathi Daniela","image":{"@type":"ImageObject","inLanguage":"en-GB","@id":"https:\/\/kathi-daniela.com\/wp-content\/uploads\/2024\/10\/cropped-Crjepolsko-Wanderung-7-96x96.jpg","url":"https:\/\/kathi-daniela.com\/wp-content\/uploads\/2024\/10\/cropped-Crjepolsko-Wanderung-7-96x96.jpg","contentUrl":"https:\/\/kathi-daniela.com\/wp-content\/uploads\/2024\/10\/cropped-Crjepolsko-Wanderung-7-96x96.jpg","caption":"Kathi Daniela"},"description":"Kathi has been living in Sarajevo with her Bosnian husband since 2021, where they have realised their lifelong dream of opening a travel agency. They met in South Africa, where they lived for a year before travelling to the Bosnian capital via Prague, Hamburg and Munich. Kathi loves a glass of ice-cold ros\u00e9 and a good flat white - and, of course, exploring the Balkans!","sameAs":["https:\/\/www.facebook.com\/KathiDanielaBlog","@kathi.daniela","https:\/\/x.com\/kathi_daniela"],"url":"https:\/\/kathi-daniela.com\/en\/author\/kathi-daniela\/"}]}},"_links":{"self":[{"href":"https:\/\/kathi-daniela.com\/en\/wp-json\/wp\/v2\/posts\/17841","targetHints":{"allow":["GET"]}}],"collection":[{"href":"https:\/\/kathi-daniela.com\/en\/wp-json\/wp\/v2\/posts"}],"about":[{"href":"https:\/\/kathi-daniela.com\/en\/wp-json\/wp\/v2\/types\/post"}],"author":[{"embeddable":true,"href":"https:\/\/kathi-daniela.com\/en\/wp-json\/wp\/v2\/users\/1"}],"replies":[{"embeddable":true,"href":"https:\/\/kathi-daniela.com\/en\/wp-json\/wp\/v2\/comments?post=17841"}],"version-history":[{"count":10,"href":"https:\/\/kathi-daniela.com\/en\/wp-json\/wp\/v2\/posts\/17841\/revisions"}],"predecessor-version":[{"id":18193,"href":"https:\/\/kathi-daniela.com\/en\/wp-json\/wp\/v2\/posts\/17841\/revisions\/18193"}],"wp:featuredmedia":[{"embeddable":true,"href":"https:\/\/kathi-daniela.com\/en\/wp-json\/wp\/v2\/media\/17655"}],"wp:attachment":[{"href":"https:\/\/kathi-daniela.com\/en\/wp-json\/wp\/v2\/media?parent=17841"}],"wp:term":[{"taxonomy":"category","embeddable":true,"href":"https:\/\/kathi-daniela.com\/en\/wp-json\/wp\/v2\/categories?post=17841"},{"taxonomy":"post_tag","embeddable":true,"href":"https:\/\/kathi-daniela.com\/en\/wp-json\/wp\/v2\/tags?post=17841"}],"curies":[{"name":"wp","href":"https:\/\/api.w.org\/{rel}","templated":true}]}}