{"id":9746,"date":"2018-06-18T16:24:58","date_gmt":"2018-06-18T16:24:58","guid":{"rendered":"http:\/\/kathi-daniela.com\/?p=9746"},"modified":"2020-04-01T13:37:04","modified_gmt":"2020-04-01T13:37:04","slug":"from-bosnia-with-love","status":"publish","type":"post","link":"https:\/\/kathi-daniela.com\/en\/kolumnen\/from-bosnia-with-love\/","title":{"rendered":"From Bosnia with Love"},"content":{"rendered":"<div data-elementor-type=\"wp-post\" data-elementor-id=\"9746\" class=\"elementor elementor-9746\">\n\t\t\t\t\t\t<section class=\"penci-section penci-disSticky penci-structure-10 elementor-section elementor-top-section elementor-element elementor-element-e035ddc elementor-section-boxed elementor-section-height-default elementor-section-height-default\" data-id=\"e035ddc\" data-element_type=\"section\">\n\t\t\t\t\t\t<div class=\"elementor-container elementor-column-gap-default\">\n\t\t\t\t\t<div class=\"penci-ercol-100 penci-ercol-order-1 penci-sticky-ct    elementor-column elementor-col-100 elementor-top-column elementor-element elementor-element-5e0c7e2\" data-id=\"5e0c7e2\" data-element_type=\"column\">\n\t\t\t<div class=\"elementor-widget-wrap elementor-element-populated\">\n\t\t\t\t\t\t<div class=\"elementor-element elementor-element-07bf7d4 elementor-widget elementor-widget-text-editor\" data-id=\"07bf7d4\" data-element_type=\"widget\" data-widget_type=\"text-editor.default\">\n\t\t\t\t<div class=\"elementor-widget-container\">\n\t\t\t\t\t\t\t\t\t<p style=\"text-align: center;\"><span style=\"font-size: 12pt;\">Seit etwa zwei Jahren f\u00fchre ich viele Konversationen, die in etwa so ablaufen:<\/span><\/p>\t\t\t\t\t\t\t\t<\/div>\n\t\t\t\t<\/div>\n\t\t\t\t<div class=\"elementor-element elementor-element-f658c3a elementor-widget elementor-widget-text-editor\" data-id=\"f658c3a\" data-element_type=\"widget\" data-widget_type=\"text-editor.default\">\n\t\t\t\t<div class=\"elementor-widget-container\">\n\t\t\t\t\t\t\t\t\t<p style=\"text-align: center;\"><span style=\"font-family: book antiqua, palatino, serif; font-size: 12pt;\"><em>\u00bbAch so, dein Mann ist nicht aus Deutschland. Woher kommt er denn?\u00ab<br \/><\/em><em>\u00bbAus Bosnien.\u00ab<br \/><\/em><em>\u00bbAch, echt. Meine Putzfrau kommt auch aus Montenegro!\u00ab<\/em><\/span><\/p>\t\t\t\t\t\t\t\t<\/div>\n\t\t\t\t<\/div>\n\t\t\t\t<div class=\"elementor-element elementor-element-4ee5c31 elementor-widget elementor-widget-text-editor\" data-id=\"4ee5c31\" data-element_type=\"widget\" data-widget_type=\"text-editor.default\">\n\t\t\t\t<div class=\"elementor-widget-container\">\n\t\t\t\t\t\t\t\t\t<p style=\"text-align: justify;\"><span style=\"text-align: justify; font-size: 12pt;\">Alternativen sind: K\u00f6che, Klofrauen, G\u00e4rtner oder Bauarbeiter, die wahlweise auch aus Serbien, Montenegro oder Albanien stammen.\u00a0 Scheint ja eh alles dasselbe zu sein.<\/span><\/p>\t\t\t\t\t\t\t\t<\/div>\n\t\t\t\t<\/div>\n\t\t\t\t\t<\/div>\n\t\t<\/div>\n\t\t\t\t\t<\/div>\n\t\t<\/section>\n\t\t\t\t<section class=\"penci-section penci-disSticky penci-structure-10 elementor-section elementor-top-section elementor-element elementor-element-6587622 elementor-section-boxed elementor-section-height-default elementor-section-height-default\" data-id=\"6587622\" data-element_type=\"section\">\n\t\t\t\t\t\t<div class=\"elementor-container elementor-column-gap-default\">\n\t\t\t\t\t<div class=\"penci-ercol-100 penci-ercol-order-1 penci-sticky-ct    elementor-column elementor-col-100 elementor-top-column elementor-element elementor-element-47a72d9\" data-id=\"47a72d9\" data-element_type=\"column\">\n\t\t\t<div class=\"elementor-widget-wrap elementor-element-populated\">\n\t\t\t\t\t\t<section class=\"penci-section penci-disSticky penci-structure-20 elementor-section elementor-inner-section elementor-element elementor-element-ef39f36 elementor-section-boxed elementor-section-height-default elementor-section-height-default\" data-id=\"ef39f36\" data-element_type=\"section\">\n\t\t\t\t\t\t<div class=\"elementor-container elementor-column-gap-default\">\n\t\t\t\t\t<div class=\"penci-ercol-50 penci-ercol-order-1 penci-sticky-ct    elementor-column elementor-col-50 elementor-inner-column elementor-element elementor-element-8251498\" data-id=\"8251498\" data-element_type=\"column\">\n\t\t\t<div class=\"elementor-widget-wrap elementor-element-populated\">\n\t\t\t\t\t\t<div class=\"elementor-element elementor-element-d32c604 elementor-drop-cap-yes elementor-drop-cap-view-default elementor-widget elementor-widget-text-editor\" data-id=\"d32c604\" data-element_type=\"widget\" data-settings=\"{&quot;drop_cap&quot;:&quot;yes&quot;}\" data-widget_type=\"text-editor.default\">\n\t\t\t\t<div class=\"elementor-widget-container\">\n\t\t\t\t\t\t\t\t\t<p style=\"text-align: justify;\">O<span style=\"font-size: 12pt;\">kay, ich will ehrlich sein: Also besonders viel wusste ich \u00fcber Bosnien auch nicht, bevor ich meinen Mann kennen gelernt habe. Da war doch mal irgendwas mit dem ersten Weltkrieg oder? Und ziemlich viele Leute aus der Nachbarschaft kommen von dort \u2013 also aus diesem Ex-Jugoslawien. Da ist Bosnien doch ein Teil davon?<\/span><\/p><p style=\"text-align: justify;\"><span style=\"font-size: 12pt;\">Wir werden in der Schule immer noch aufgekl\u00e4rt \u00fcber Deutschlands eigene Vergangenheit und ich geh\u00f6re zu den letzten, die sagen w\u00fcrden, dass das nicht richtig und wichtig ist. Aber je mehr ich \u00fcber Bosnien und Herzegowina lerne, von meinem Mann und von seinen Freunden, umso schockierter bin ich, dass diese Land nie Thema w\u00e4hrend meiner Schulbildung gewesen ist.<\/span><\/p>\t\t\t\t\t\t\t\t<\/div>\n\t\t\t\t<\/div>\n\t\t\t\t\t<\/div>\n\t\t<\/div>\n\t\t\t\t<div class=\"penci-ercol-50 penci-ercol-order-2 penci-sticky-ct    elementor-column elementor-col-50 elementor-inner-column elementor-element elementor-element-580be78\" data-id=\"580be78\" data-element_type=\"column\">\n\t\t\t<div class=\"elementor-widget-wrap elementor-element-populated\">\n\t\t\t\t\t\t<div class=\"elementor-element elementor-element-7d59ac5 elementor-widget elementor-widget-text-editor\" data-id=\"7d59ac5\" data-element_type=\"widget\" data-widget_type=\"text-editor.default\">\n\t\t\t\t<div class=\"elementor-widget-container\">\n\t\t\t\t\t\t\t\t\t<p style=\"text-align: justify;\"><span style=\"font-size: 12pt;\">Mein Schwiegervater ist einer der freundlichsten, humorvollsten und herzlichsten Menschen, die ich kennen gelernt habe. Der Wildfremde zum Grillen einl\u00e4dt, der seine eingerosteten Deutschkenntnisse jedes Mal ausgr\u00e4bt, wenn ich zu Besuch bin und der abends bei einem Bier gerne Fu\u00dfball im Fernsehen anschaut. Ein ganz normaler Vater \u2013 der w\u00e4hrend der 1990er Jahre im Krieg gek\u00e4mpft hat. W\u00e4hrend ich daheim sa\u00df und die Sendung mit der Maus angeschaut habe.<\/span><\/p>\n<p style=\"text-align: justify;\"><span style=\"font-size: 12pt;\">Oder mein Freund Adi, dessen Familie nicht genug Geld hatte, um das Land w\u00e4hrend des Krieges zu verlassen und der an einem Nachmittag, als er drau\u00dfen spielte, beinahe von einer Granate in St\u00fcck gerissen wurde. Sein Leben verdankt er einzig und allein seinem Hund \u2013 der einen tierischen sechsten Sinn bewiesen hat. Und trotzdem ist er ein guter Mensch, der im Leben alles richtig machen will, sich an Regeln halten m\u00f6chte und versucht, das beste aus seiner Situation zu machen.<\/span><\/p>\t\t\t\t\t\t\t\t<\/div>\n\t\t\t\t<\/div>\n\t\t\t\t\t<\/div>\n\t\t<\/div>\n\t\t\t\t\t<\/div>\n\t\t<\/section>\n\t\t\t\t\t<\/div>\n\t\t<\/div>\n\t\t\t\t\t<\/div>\n\t\t<\/section>\n\t\t\t\t<section class=\"penci-section penci-disSticky penci-structure-10 elementor-section elementor-top-section elementor-element elementor-element-9bad670 elementor-section-boxed elementor-section-height-default elementor-section-height-default\" data-id=\"9bad670\" data-element_type=\"section\">\n\t\t\t\t\t\t<div class=\"elementor-container elementor-column-gap-default\">\n\t\t\t\t\t<div class=\"penci-ercol-100 penci-ercol-order-1 penci-sticky-ct    elementor-column elementor-col-100 elementor-top-column elementor-element elementor-element-fccb88c\" data-id=\"fccb88c\" data-element_type=\"column\">\n\t\t\t<div class=\"elementor-widget-wrap elementor-element-populated\">\n\t\t\t\t\t\t<div class=\"elementor-element elementor-element-a9dd7f4 elementor-widget elementor-widget-image\" data-id=\"a9dd7f4\" data-element_type=\"widget\" data-widget_type=\"image.default\">\n\t\t\t\t<div class=\"elementor-widget-container\">\n\t\t\t\t\t\t\t\t\t\t\t\t\t\t\t<img fetchpriority=\"high\" decoding=\"async\" width=\"800\" height=\"942\" src=\"https:\/\/kathi-daniela.com\/wp-content\/uploads\/2018\/06\/Untitled-design-e1531335118441.jpg\" class=\"attachment-full size-full wp-image-9754\" alt=\"\" srcset=\"https:\/\/kathi-daniela.com\/wp-content\/uploads\/2018\/06\/Untitled-design-e1531335118441.jpg 800w, https:\/\/kathi-daniela.com\/wp-content\/uploads\/2018\/06\/Untitled-design-e1531335118441-255x300.jpg 255w, https:\/\/kathi-daniela.com\/wp-content\/uploads\/2018\/06\/Untitled-design-e1531335118441-768x904.jpg 768w\" sizes=\"(max-width: 800px) 100vw, 800px\" \/>\t\t\t\t\t\t\t\t\t\t\t\t\t\t\t<\/div>\n\t\t\t\t<\/div>\n\t\t\t\t\t<\/div>\n\t\t<\/div>\n\t\t\t\t\t<\/div>\n\t\t<\/section>\n\t\t\t\t<section class=\"penci-section penci-disSticky penci-structure-20 elementor-section elementor-top-section elementor-element elementor-element-99eaed3 elementor-section-boxed elementor-section-height-default elementor-section-height-default\" data-id=\"99eaed3\" data-element_type=\"section\">\n\t\t\t\t\t\t<div class=\"elementor-container elementor-column-gap-default\">\n\t\t\t\t\t<div class=\"penci-ercol-50 penci-ercol-order-1 penci-sticky-ct    elementor-column elementor-col-50 elementor-top-column elementor-element elementor-element-1f7c1a6\" data-id=\"1f7c1a6\" data-element_type=\"column\">\n\t\t\t<div class=\"elementor-widget-wrap elementor-element-populated\">\n\t\t\t\t\t\t<div class=\"elementor-element elementor-element-dc7c4bc elementor-widget elementor-widget-text-editor\" data-id=\"dc7c4bc\" data-element_type=\"widget\" data-widget_type=\"text-editor.default\">\n\t\t\t\t<div class=\"elementor-widget-container\">\n\t\t\t\t\t\t\t\t\t<p style=\"text-align: justify;\"><span style=\"font-size: 12pt;\"><em>Ich bin selber in der privilegierten Situation, einfach nur Deutsch zu sein. <\/em><\/span><\/p>\n<p style=\"text-align: justify;\"><span style=\"font-size: 12pt;\">Nicht in einem Land aufgewachsen zu sein, das vom Krieg zerrissen wurde. Und auch, mein Heimatland nicht verlassen zu m\u00fcssen, weil es mir keine Perspektive bietet. Aber seit ich Bosnien selbst und so viele Leute von dort kennen gelernt habe, macht es mich w\u00fctend, dass sie auf G\u00e4rtner oder Putzfrauen oder einfach nur schmarotzende Wirtschaftsfl\u00fcchtlinge mit kriminellen Absichten reduziert werden.<\/span><\/p>\n<p style=\"text-align: justify;\"><span style=\"font-size: 12pt;\">Denn ganz ehrlich: So und so viele Bosnier (und Serben und Montenegriner&#8230;) leben schon seit Jahrzehnten in Deutschland \u2013 in anst\u00e4ndigen Berufen \u2013 sprechen akzentfreier und grammatikalisch korrekter als Kollegah oder Bushido und haben sich so gut integriert, dass sie vielleicht h\u00f6chstens an den ungew\u00f6hnlichen Namen mit dem slawischen Klang auffallen \u2013 wenn \u00fcberhaupt.<\/span><\/p>\t\t\t\t\t\t\t\t<\/div>\n\t\t\t\t<\/div>\n\t\t\t\t\t<\/div>\n\t\t<\/div>\n\t\t\t\t<div class=\"penci-ercol-50 penci-ercol-order-2 penci-sticky-ct    elementor-column elementor-col-50 elementor-top-column elementor-element elementor-element-74e4005\" data-id=\"74e4005\" data-element_type=\"column\">\n\t\t\t<div class=\"elementor-widget-wrap elementor-element-populated\">\n\t\t\t\t\t\t<div class=\"elementor-element elementor-element-0c3c4dc elementor-widget elementor-widget-heading\" data-id=\"0c3c4dc\" data-element_type=\"widget\" data-widget_type=\"heading.default\">\n\t\t\t\t<div class=\"elementor-widget-container\">\n\t\t\t\t\t<h2 class=\"elementor-heading-title elementor-size-default\">Und selbst, wenn sie als K\u00f6che arbeiten oder als G\u00e4rtner: Wer k\u00f6nnte das nicht verstehen, wenn er daheim 250 Euro pro Monat verdient und davon auch noch die Universit\u00e4t seiner Kinder neben der Miete und dem sonstigen Leben bezahlen soll? <\/h2>\t\t\t\t<\/div>\n\t\t\t\t<\/div>\n\t\t\t\t<div class=\"elementor-element elementor-element-e7b1701 elementor-widget elementor-widget-text-editor\" data-id=\"e7b1701\" data-element_type=\"widget\" data-widget_type=\"text-editor.default\">\n\t\t\t\t<div class=\"elementor-widget-container\">\n\t\t\t\t\t\t\t\t\t<p style=\"text-align: justify;\"><span style=\"font-size: 12pt;\">Wer k\u00f6nnte das nicht verstehen, wenn er daheim immer noch mit Hass und Abneigung konfrontiert wird? Wenn die eigene Verwandtschaft von den Nachbarn umgebracht wurde und niemand daf\u00fcr zur Rechenschaft gezogen wird? Wer k\u00f6nnte das nicht verstehen, wenn er in einem Land leben w\u00fcrde, in dem die Jugendarbeitslosigkeit rund 55,5 Prozent betr\u00e4gt und es sowieso keine Perspektive f\u00fcr ihn gibt?<\/span><\/p>\t\t\t\t\t\t\t\t<\/div>\n\t\t\t\t<\/div>\n\t\t\t\t\t<\/div>\n\t\t<\/div>\n\t\t\t\t\t<\/div>\n\t\t<\/section>\n\t\t\t\t<section class=\"penci-section penci-disSticky penci-structure-10 elementor-section elementor-top-section elementor-element elementor-element-0b5cfc6 elementor-section-boxed elementor-section-height-default elementor-section-height-default\" data-id=\"0b5cfc6\" data-element_type=\"section\">\n\t\t\t\t\t\t<div class=\"elementor-container elementor-column-gap-default\">\n\t\t\t\t\t<div class=\"penci-ercol-100 penci-ercol-order-1 penci-sticky-ct    elementor-column elementor-col-100 elementor-top-column elementor-element elementor-element-18dbfd1\" data-id=\"18dbfd1\" data-element_type=\"column\">\n\t\t\t<div class=\"elementor-widget-wrap elementor-element-populated\">\n\t\t\t\t\t\t<div class=\"elementor-element elementor-element-3e38c3f elementor-widget elementor-widget-text-editor\" data-id=\"3e38c3f\" data-element_type=\"widget\" data-widget_type=\"text-editor.default\">\n\t\t\t\t<div class=\"elementor-widget-container\">\n\t\t\t\t\t\t\t\t\t<p style=\"text-align: justify;\"><span style=\"font-size: 12pt;\">Ich will gar nicht den Zeigefinger erheben und hier irgendjemandem vorwerfen, sich nie mit Osteuropa und den L\u00e4ndern des ehemaligen Jugoslawiens besch\u00e4ftigt zu haben. Es war einfach nicht Thema in Deutschland \u2013 zumindest irgendwie nicht in meiner Kindheit. Vielleicht war ich auch zu jung, vielleicht hat ja einer von euch andere Erfahrungen gemacht.<\/span><\/p><p style=\"text-align: justify;\"><span style=\"font-size: 12pt;\">Aber ich w\u00fcrde ich liebend gerne Bosnien und vor allem meine Erfahrungen von dort und auch ein paar der Menschen, die dort Leben ein bisschen n\u00e4her bringen. Daf\u00fcr gibt es jetzt diese neue Kategorie: <b><em>From Bosnia with Love<\/em><\/b>. Ich freu mich drauf.<\/span><\/p>\t\t\t\t\t\t\t\t<\/div>\n\t\t\t\t<\/div>\n\t\t\t\t<div class=\"elementor-element elementor-element-6f66eed elementor-widget elementor-widget-image\" data-id=\"6f66eed\" data-element_type=\"widget\" data-widget_type=\"image.default\">\n\t\t\t\t<div class=\"elementor-widget-container\">\n\t\t\t\t\t\t\t\t\t\t\t\t\t\t\t<img decoding=\"async\" width=\"800\" height=\"1006\" src=\"https:\/\/kathi-daniela.com\/wp-content\/uploads\/2018\/06\/Untitled-design-2-e1531335100375.jpg\" class=\"attachment-full size-full wp-image-9756\" alt=\"\" srcset=\"https:\/\/kathi-daniela.com\/wp-content\/uploads\/2018\/06\/Untitled-design-2-e1531335100375.jpg 800w, https:\/\/kathi-daniela.com\/wp-content\/uploads\/2018\/06\/Untitled-design-2-e1531335100375-239x300.jpg 239w, https:\/\/kathi-daniela.com\/wp-content\/uploads\/2018\/06\/Untitled-design-2-e1531335100375-768x966.jpg 768w\" sizes=\"(max-width: 800px) 100vw, 800px\" \/>\t\t\t\t\t\t\t\t\t\t\t\t\t\t\t<\/div>\n\t\t\t\t<\/div>\n\t\t\t\t<div class=\"elementor-element elementor-element-03ab924 elementor-widget elementor-widget-text-editor\" data-id=\"03ab924\" data-element_type=\"widget\" data-widget_type=\"text-editor.default\">\n\t\t\t\t<div class=\"elementor-widget-container\">\n\t\t\t\t\t\t\t\t\t<p style=\"text-align: center;\"><em>Und wenn ihr Fragen habt oder euch etwas interessiert, schreibt es gerne in die Kommentare oder schreibt mir eine Nachricht \u2013 ich werde das Thema dann in die Kolumne mit aufnehmen!<\/em><\/p>\t\t\t\t\t\t\t\t<\/div>\n\t\t\t\t<\/div>\n\t\t\t\t\t<\/div>\n\t\t<\/div>\n\t\t\t\t\t<\/div>\n\t\t<\/section>\n\t\t\t\t<\/div>","protected":false},"excerpt":{"rendered":"<p>Seit etwa zwei Jahren f\u00fchre ich viele Konversationen, die in etwa so ablaufen: \u00bbAch so, dein Mann ist nicht aus Deutschland. Woher kommt er denn?\u00ab\u00bbAus Bosnien.\u00ab\u00bbAch, echt. Meine Putzfrau kommt&hellip;<\/p>","protected":false},"author":1,"featured_media":9759,"comment_status":"open","ping_status":"open","sticky":false,"template":"","format":"standard","meta":{"_lmt_disableupdate":"","_lmt_disable":"","footnotes":""},"categories":[151],"tags":[],"class_list":["post-9746","post","type-post","status-publish","format-standard","has-post-thumbnail","hentry","category-kolumnen"],"yoast_head":"<!-- This site is optimized with the Yoast SEO plugin v27.2 - https:\/\/yoast.com\/product\/yoast-seo-wordpress\/ -->\n<title>From Bosnia with Love - Kathi Daniela<\/title>\n<meta name=\"robots\" content=\"index, follow, max-snippet:-1, max-image-preview:large, max-video-preview:-1\" \/>\n<link rel=\"canonical\" href=\"https:\/\/kathi-daniela.com\/en\/life\/columns\/from-bosnia-with-love\/from-bosnia-with-love\/\" \/>\n<meta property=\"og:locale\" content=\"en_GB\" \/>\n<meta property=\"og:type\" content=\"article\" \/>\n<meta property=\"og:title\" content=\"From Bosnia with Love - Kathi Daniela\" \/>\n<meta property=\"og:description\" content=\"Seit etwa zwei Jahren f\u00fchre ich viele Konversationen, die in etwa so ablaufen: \u00bbAch so, dein Mann ist nicht aus Deutschland. Woher kommt er denn?\u00ab\u00bbAus Bosnien.\u00ab\u00bbAch, echt. Meine Putzfrau kommt&hellip;\" \/>\n<meta property=\"og:url\" content=\"https:\/\/kathi-daniela.com\/en\/life\/columns\/from-bosnia-with-love\/from-bosnia-with-love\/\" \/>\n<meta property=\"og:site_name\" content=\"Kathi Daniela\" \/>\n<meta property=\"article:publisher\" content=\"http:\/\/www.facebook.com\/KathiDanielaBlog\" \/>\n<meta property=\"article:author\" content=\"https:\/\/www.facebook.com\/KathiDanielaBlog\" \/>\n<meta property=\"article:published_time\" content=\"2018-06-18T16:24:58+00:00\" \/>\n<meta property=\"article:modified_time\" content=\"2020-04-01T13:37:04+00:00\" \/>\n<meta property=\"og:image\" content=\"https:\/\/kathi-daniela.com\/wp-content\/uploads\/2018\/06\/IMG_20170816_155441.jpg\" \/>\n\t<meta property=\"og:image:width\" content=\"2048\" \/>\n\t<meta property=\"og:image:height\" content=\"1536\" \/>\n\t<meta property=\"og:image:type\" content=\"image\/jpeg\" \/>\n<meta name=\"author\" content=\"Kathi Daniela\" \/>\n<meta name=\"twitter:card\" content=\"summary_large_image\" \/>\n<meta name=\"twitter:creator\" content=\"@kathi_daniela\" \/>\n<meta name=\"twitter:site\" content=\"@kathi_daniela\" \/>\n<meta name=\"twitter:label1\" content=\"Written by\" \/>\n\t<meta name=\"twitter:data1\" content=\"Kathi Daniela\" \/>\n\t<meta name=\"twitter:label2\" content=\"Estimated reading time\" \/>\n\t<meta name=\"twitter:data2\" content=\"3 minutes\" \/>\n<script type=\"application\/ld+json\" class=\"yoast-schema-graph\">{\"@context\":\"https:\/\/schema.org\",\"@graph\":[{\"@type\":\"Article\",\"@id\":\"https:\/\/kathi-daniela.com\/life\/kolumnen\/from-bosnia-with-love\/from-bosnia-with-love\/#article\",\"isPartOf\":{\"@id\":\"https:\/\/kathi-daniela.com\/life\/kolumnen\/from-bosnia-with-love\/from-bosnia-with-love\/\"},\"author\":{\"name\":\"Kathi Daniela\",\"@id\":\"https:\/\/kathi-daniela.com\/#\/schema\/person\/1b4e36fed943cbb1112bf6bbccc3861f\"},\"headline\":\"From Bosnia with Love\",\"datePublished\":\"2018-06-18T16:24:58+00:00\",\"dateModified\":\"2020-04-01T13:37:04+00:00\",\"mainEntityOfPage\":{\"@id\":\"https:\/\/kathi-daniela.com\/life\/kolumnen\/from-bosnia-with-love\/from-bosnia-with-love\/\"},\"wordCount\":703,\"commentCount\":5,\"image\":{\"@id\":\"https:\/\/kathi-daniela.com\/life\/kolumnen\/from-bosnia-with-love\/from-bosnia-with-love\/#primaryimage\"},\"thumbnailUrl\":\"https:\/\/kathi-daniela.com\/wp-content\/uploads\/2018\/06\/IMG_20170816_155441.jpg\",\"articleSection\":[\"Kolumnen\"],\"inLanguage\":\"en-GB\",\"potentialAction\":[{\"@type\":\"CommentAction\",\"name\":\"Comment\",\"target\":[\"https:\/\/kathi-daniela.com\/life\/kolumnen\/from-bosnia-with-love\/from-bosnia-with-love\/#respond\"]}]},{\"@type\":\"WebPage\",\"@id\":\"https:\/\/kathi-daniela.com\/life\/kolumnen\/from-bosnia-with-love\/from-bosnia-with-love\/\",\"url\":\"https:\/\/kathi-daniela.com\/life\/kolumnen\/from-bosnia-with-love\/from-bosnia-with-love\/\",\"name\":\"From Bosnia with Love - Kathi Daniela\",\"isPartOf\":{\"@id\":\"https:\/\/kathi-daniela.com\/#website\"},\"primaryImageOfPage\":{\"@id\":\"https:\/\/kathi-daniela.com\/life\/kolumnen\/from-bosnia-with-love\/from-bosnia-with-love\/#primaryimage\"},\"image\":{\"@id\":\"https:\/\/kathi-daniela.com\/life\/kolumnen\/from-bosnia-with-love\/from-bosnia-with-love\/#primaryimage\"},\"thumbnailUrl\":\"https:\/\/kathi-daniela.com\/wp-content\/uploads\/2018\/06\/IMG_20170816_155441.jpg\",\"datePublished\":\"2018-06-18T16:24:58+00:00\",\"dateModified\":\"2020-04-01T13:37:04+00:00\",\"author\":{\"@id\":\"https:\/\/kathi-daniela.com\/#\/schema\/person\/1b4e36fed943cbb1112bf6bbccc3861f\"},\"breadcrumb\":{\"@id\":\"https:\/\/kathi-daniela.com\/life\/kolumnen\/from-bosnia-with-love\/from-bosnia-with-love\/#breadcrumb\"},\"inLanguage\":\"en-GB\",\"potentialAction\":[{\"@type\":\"ReadAction\",\"target\":[\"https:\/\/kathi-daniela.com\/life\/kolumnen\/from-bosnia-with-love\/from-bosnia-with-love\/\"]}]},{\"@type\":\"ImageObject\",\"inLanguage\":\"en-GB\",\"@id\":\"https:\/\/kathi-daniela.com\/life\/kolumnen\/from-bosnia-with-love\/from-bosnia-with-love\/#primaryimage\",\"url\":\"https:\/\/kathi-daniela.com\/wp-content\/uploads\/2018\/06\/IMG_20170816_155441.jpg\",\"contentUrl\":\"https:\/\/kathi-daniela.com\/wp-content\/uploads\/2018\/06\/IMG_20170816_155441.jpg\",\"width\":2048,\"height\":1536,\"caption\":\"sdr\"},{\"@type\":\"BreadcrumbList\",\"@id\":\"https:\/\/kathi-daniela.com\/life\/kolumnen\/from-bosnia-with-love\/from-bosnia-with-love\/#breadcrumb\",\"itemListElement\":[{\"@type\":\"ListItem\",\"position\":1,\"name\":\"Startseite\",\"item\":\"https:\/\/kathi-daniela.com\/\"},{\"@type\":\"ListItem\",\"position\":2,\"name\":\"From Bosnia with Love\"}]},{\"@type\":\"WebSite\",\"@id\":\"https:\/\/kathi-daniela.com\/#website\",\"url\":\"https:\/\/kathi-daniela.com\/\",\"name\":\"Kathi Daniela\",\"description\":\"your balkan travel blog\",\"potentialAction\":[{\"@type\":\"SearchAction\",\"target\":{\"@type\":\"EntryPoint\",\"urlTemplate\":\"https:\/\/kathi-daniela.com\/?s={search_term_string}\"},\"query-input\":{\"@type\":\"PropertyValueSpecification\",\"valueRequired\":true,\"valueName\":\"search_term_string\"}}],\"inLanguage\":\"en-GB\"},{\"@type\":\"Person\",\"@id\":\"https:\/\/kathi-daniela.com\/#\/schema\/person\/1b4e36fed943cbb1112bf6bbccc3861f\",\"name\":\"Kathi Daniela\",\"image\":{\"@type\":\"ImageObject\",\"inLanguage\":\"en-GB\",\"@id\":\"https:\/\/kathi-daniela.com\/wp-content\/uploads\/2024\/10\/cropped-Crjepolsko-Wanderung-7-96x96.jpg\",\"url\":\"https:\/\/kathi-daniela.com\/wp-content\/uploads\/2024\/10\/cropped-Crjepolsko-Wanderung-7-96x96.jpg\",\"contentUrl\":\"https:\/\/kathi-daniela.com\/wp-content\/uploads\/2024\/10\/cropped-Crjepolsko-Wanderung-7-96x96.jpg\",\"caption\":\"Kathi Daniela\"},\"description\":\"Kathi lebt seit 2021 mit ihrem bosnischen Mann in Sarajevo, wo die beiden ihren Lebenstraum wahr gemacht und eine Reiseagentur er\u00f6ffnet haben. Kennengelernt haben sie sich in S\u00fcdafrika, wo sie ein Jahr gelebt haben, bevor ihr Weg sie \u00fcber Prag, Hamburg und M\u00fcnchen in die bosnische Hauptstadt gef\u00fchrt hat. Kathi liebt ein Glas eiskaltes Ros\u00e9 und einen guten Flat White \u2013\u00a0und nat\u00fcrlich, den Balkan zu erkunden!\",\"sameAs\":[\"https:\/\/www.facebook.com\/KathiDanielaBlog\",\"@kathi.daniela\",\"https:\/\/x.com\/kathi_daniela\"],\"url\":\"https:\/\/kathi-daniela.com\/en\/author\/kathi-daniela\/\"}]}<\/script>\n<!-- \/ Yoast SEO plugin. -->","yoast_head_json":{"title":"From Bosnia with Love - Kathi Daniela","robots":{"index":"index","follow":"follow","max-snippet":"max-snippet:-1","max-image-preview":"max-image-preview:large","max-video-preview":"max-video-preview:-1"},"canonical":"https:\/\/kathi-daniela.com\/en\/life\/columns\/from-bosnia-with-love\/from-bosnia-with-love\/","og_locale":"en_GB","og_type":"article","og_title":"From Bosnia with Love - Kathi Daniela","og_description":"Seit etwa zwei Jahren f\u00fchre ich viele Konversationen, die in etwa so ablaufen: \u00bbAch so, dein Mann ist nicht aus Deutschland. Woher kommt er denn?\u00ab\u00bbAus Bosnien.\u00ab\u00bbAch, echt. Meine Putzfrau kommt&hellip;","og_url":"https:\/\/kathi-daniela.com\/en\/life\/columns\/from-bosnia-with-love\/from-bosnia-with-love\/","og_site_name":"Kathi Daniela","article_publisher":"http:\/\/www.facebook.com\/KathiDanielaBlog","article_author":"https:\/\/www.facebook.com\/KathiDanielaBlog","article_published_time":"2018-06-18T16:24:58+00:00","article_modified_time":"2020-04-01T13:37:04+00:00","og_image":[{"width":2048,"height":1536,"url":"https:\/\/kathi-daniela.com\/wp-content\/uploads\/2018\/06\/IMG_20170816_155441.jpg","type":"image\/jpeg"}],"author":"Kathi Daniela","twitter_card":"summary_large_image","twitter_creator":"@kathi_daniela","twitter_site":"@kathi_daniela","twitter_misc":{"Written by":"Kathi Daniela","Estimated reading time":"3 minutes"},"schema":{"@context":"https:\/\/schema.org","@graph":[{"@type":"Article","@id":"https:\/\/kathi-daniela.com\/life\/kolumnen\/from-bosnia-with-love\/from-bosnia-with-love\/#article","isPartOf":{"@id":"https:\/\/kathi-daniela.com\/life\/kolumnen\/from-bosnia-with-love\/from-bosnia-with-love\/"},"author":{"name":"Kathi Daniela","@id":"https:\/\/kathi-daniela.com\/#\/schema\/person\/1b4e36fed943cbb1112bf6bbccc3861f"},"headline":"From Bosnia with Love","datePublished":"2018-06-18T16:24:58+00:00","dateModified":"2020-04-01T13:37:04+00:00","mainEntityOfPage":{"@id":"https:\/\/kathi-daniela.com\/life\/kolumnen\/from-bosnia-with-love\/from-bosnia-with-love\/"},"wordCount":703,"commentCount":5,"image":{"@id":"https:\/\/kathi-daniela.com\/life\/kolumnen\/from-bosnia-with-love\/from-bosnia-with-love\/#primaryimage"},"thumbnailUrl":"https:\/\/kathi-daniela.com\/wp-content\/uploads\/2018\/06\/IMG_20170816_155441.jpg","articleSection":["Kolumnen"],"inLanguage":"en-GB","potentialAction":[{"@type":"CommentAction","name":"Comment","target":["https:\/\/kathi-daniela.com\/life\/kolumnen\/from-bosnia-with-love\/from-bosnia-with-love\/#respond"]}]},{"@type":"WebPage","@id":"https:\/\/kathi-daniela.com\/life\/kolumnen\/from-bosnia-with-love\/from-bosnia-with-love\/","url":"https:\/\/kathi-daniela.com\/life\/kolumnen\/from-bosnia-with-love\/from-bosnia-with-love\/","name":"From Bosnia with Love - Kathi Daniela","isPartOf":{"@id":"https:\/\/kathi-daniela.com\/#website"},"primaryImageOfPage":{"@id":"https:\/\/kathi-daniela.com\/life\/kolumnen\/from-bosnia-with-love\/from-bosnia-with-love\/#primaryimage"},"image":{"@id":"https:\/\/kathi-daniela.com\/life\/kolumnen\/from-bosnia-with-love\/from-bosnia-with-love\/#primaryimage"},"thumbnailUrl":"https:\/\/kathi-daniela.com\/wp-content\/uploads\/2018\/06\/IMG_20170816_155441.jpg","datePublished":"2018-06-18T16:24:58+00:00","dateModified":"2020-04-01T13:37:04+00:00","author":{"@id":"https:\/\/kathi-daniela.com\/#\/schema\/person\/1b4e36fed943cbb1112bf6bbccc3861f"},"breadcrumb":{"@id":"https:\/\/kathi-daniela.com\/life\/kolumnen\/from-bosnia-with-love\/from-bosnia-with-love\/#breadcrumb"},"inLanguage":"en-GB","potentialAction":[{"@type":"ReadAction","target":["https:\/\/kathi-daniela.com\/life\/kolumnen\/from-bosnia-with-love\/from-bosnia-with-love\/"]}]},{"@type":"ImageObject","inLanguage":"en-GB","@id":"https:\/\/kathi-daniela.com\/life\/kolumnen\/from-bosnia-with-love\/from-bosnia-with-love\/#primaryimage","url":"https:\/\/kathi-daniela.com\/wp-content\/uploads\/2018\/06\/IMG_20170816_155441.jpg","contentUrl":"https:\/\/kathi-daniela.com\/wp-content\/uploads\/2018\/06\/IMG_20170816_155441.jpg","width":2048,"height":1536,"caption":"sdr"},{"@type":"BreadcrumbList","@id":"https:\/\/kathi-daniela.com\/life\/kolumnen\/from-bosnia-with-love\/from-bosnia-with-love\/#breadcrumb","itemListElement":[{"@type":"ListItem","position":1,"name":"Startseite","item":"https:\/\/kathi-daniela.com\/"},{"@type":"ListItem","position":2,"name":"From Bosnia with Love"}]},{"@type":"WebSite","@id":"https:\/\/kathi-daniela.com\/#website","url":"https:\/\/kathi-daniela.com\/","name":"Kathi Daniela","description":"your balkan travel blog","potentialAction":[{"@type":"SearchAction","target":{"@type":"EntryPoint","urlTemplate":"https:\/\/kathi-daniela.com\/?s={search_term_string}"},"query-input":{"@type":"PropertyValueSpecification","valueRequired":true,"valueName":"search_term_string"}}],"inLanguage":"en-GB"},{"@type":"Person","@id":"https:\/\/kathi-daniela.com\/#\/schema\/person\/1b4e36fed943cbb1112bf6bbccc3861f","name":"Kathi Daniela","image":{"@type":"ImageObject","inLanguage":"en-GB","@id":"https:\/\/kathi-daniela.com\/wp-content\/uploads\/2024\/10\/cropped-Crjepolsko-Wanderung-7-96x96.jpg","url":"https:\/\/kathi-daniela.com\/wp-content\/uploads\/2024\/10\/cropped-Crjepolsko-Wanderung-7-96x96.jpg","contentUrl":"https:\/\/kathi-daniela.com\/wp-content\/uploads\/2024\/10\/cropped-Crjepolsko-Wanderung-7-96x96.jpg","caption":"Kathi Daniela"},"description":"Kathi has been living in Sarajevo with her Bosnian husband since 2021, where they have realised their lifelong dream of opening a travel agency. They met in South Africa, where they lived for a year before travelling to the Bosnian capital via Prague, Hamburg and Munich. Kathi loves a glass of ice-cold ros\u00e9 and a good flat white - and, of course, exploring the Balkans!","sameAs":["https:\/\/www.facebook.com\/KathiDanielaBlog","@kathi.daniela","https:\/\/x.com\/kathi_daniela"],"url":"https:\/\/kathi-daniela.com\/en\/author\/kathi-daniela\/"}]}},"_links":{"self":[{"href":"https:\/\/kathi-daniela.com\/en\/wp-json\/wp\/v2\/posts\/9746","targetHints":{"allow":["GET"]}}],"collection":[{"href":"https:\/\/kathi-daniela.com\/en\/wp-json\/wp\/v2\/posts"}],"about":[{"href":"https:\/\/kathi-daniela.com\/en\/wp-json\/wp\/v2\/types\/post"}],"author":[{"embeddable":true,"href":"https:\/\/kathi-daniela.com\/en\/wp-json\/wp\/v2\/users\/1"}],"replies":[{"embeddable":true,"href":"https:\/\/kathi-daniela.com\/en\/wp-json\/wp\/v2\/comments?post=9746"}],"version-history":[{"count":10,"href":"https:\/\/kathi-daniela.com\/en\/wp-json\/wp\/v2\/posts\/9746\/revisions"}],"predecessor-version":[{"id":11716,"href":"https:\/\/kathi-daniela.com\/en\/wp-json\/wp\/v2\/posts\/9746\/revisions\/11716"}],"wp:featuredmedia":[{"embeddable":true,"href":"https:\/\/kathi-daniela.com\/en\/wp-json\/wp\/v2\/media\/9759"}],"wp:attachment":[{"href":"https:\/\/kathi-daniela.com\/en\/wp-json\/wp\/v2\/media?parent=9746"}],"wp:term":[{"taxonomy":"category","embeddable":true,"href":"https:\/\/kathi-daniela.com\/en\/wp-json\/wp\/v2\/categories?post=9746"},{"taxonomy":"post_tag","embeddable":true,"href":"https:\/\/kathi-daniela.com\/en\/wp-json\/wp\/v2\/tags?post=9746"}],"curies":[{"name":"wp","href":"https:\/\/api.w.org\/{rel}","templated":true}]}}